{"id":28065,"date":"2024-10-29T15:02:09","date_gmt":"2024-10-29T18:02:09","guid":{"rendered":"https:\/\/www.fumssar.com.br\/?p=28065"},"modified":"2024-10-29T15:02:36","modified_gmt":"2024-10-29T18:02:36","slug":"metas-dos-indicadores-de-saude-sao-definidas-para-os-proximos-4-anos","status":"publish","type":"post","link":"https:\/\/www.fumssar.com.br\/?p=28065","title":{"rendered":"Metas dos indicadores de sa\u00fade s\u00e3o definidas para os pr\u00f3ximos 4 anos"},"content":{"rendered":"\n<figure class=\"wp-block-image size-full\"><a href=\"https:\/\/www.fumssar.com.br\/wp-content\/uploads\/2024\/10\/Formato-Site-e-Portal-860X645-JPG-2024-10-29T144608.882.jpg\"><img loading=\"lazy\" decoding=\"async\" width=\"860\" height=\"645\" src=\"https:\/\/www.fumssar.com.br\/wp-content\/uploads\/2024\/10\/Formato-Site-e-Portal-860X645-JPG-2024-10-29T144608.882.jpg\" alt=\"\" class=\"wp-image-28067\" srcset=\"https:\/\/www.fumssar.com.br\/wp-content\/uploads\/2024\/10\/Formato-Site-e-Portal-860X645-JPG-2024-10-29T144608.882.jpg 860w, https:\/\/www.fumssar.com.br\/wp-content\/uploads\/2024\/10\/Formato-Site-e-Portal-860X645-JPG-2024-10-29T144608.882-300x225.jpg 300w, https:\/\/www.fumssar.com.br\/wp-content\/uploads\/2024\/10\/Formato-Site-e-Portal-860X645-JPG-2024-10-29T144608.882-768x576.jpg 768w\" sizes=\"(max-width: 860px) 100vw, 860px\" \/><\/a><\/figure>\n\n\n\n<p>A pactua\u00e7\u00e3o de indicadores de sa\u00fade para o munic\u00edpio \u00e9 um marco no Planejamento Estrat\u00e9gico da gest\u00e3o. Nesta semana, foram definidas as metas os indicadores dos pr\u00f3ximos quatro anos. O processo ocorreu sob a coordena\u00e7\u00e3o da Secretaria de Governan\u00e7a e Gest\u00e3o e da Funda\u00e7\u00e3o Municipal de Sa\u00fade (FUMSSAR). O objetivo foi definir metas claras e mensur\u00e1veis para \u00e1reas priorit\u00e1rias, como aten\u00e7\u00e3o b\u00e1sica, sa\u00fade mental, preven\u00e7\u00e3o de doen\u00e7as e qualidade do atendimento nas unidades de sa\u00fade.<\/p>\n\n\n\n<p>Entre os principais indicadores pactuados est\u00e1 a redu\u00e7\u00e3o da mortalidade infantil, a raz\u00e3o de mortalidade materna, a cobertura vacinal, o monitoramento do Aedes aegypti por ovitrampas e a propor\u00e7\u00e3o de gravidez na adolesc\u00eancia, entre outros. S\u00e3o 20 indicadores monitorados em Santa Rosa. O secret\u00e1rio de Gest\u00e3o, Ademir Rosa, destaca a relev\u00e2ncia dessa pactua\u00e7\u00e3o para o futuro da sa\u00fade no munic\u00edpio, \u201cEstamos estabelecendo metas que refletem as necessidades reais da nossa popula\u00e7\u00e3o. Isso nos permite monitorar o progresso de forma cont\u00ednua, ajustar as pol\u00edticas p\u00fablicas e garantir que os recursos estejam sendo aplicados de forma eficiente para melhorar a vida das pessoas\u201d.<\/p>\n\n\n\n<p>A presen\u00e7a da diretora da Aten\u00e7\u00e3o Prim\u00e1ria \u00e0 Sa\u00fade (APS), Fabiana Breitenbach, e dos coordenadores das Unidades B\u00e1sicas de Sa\u00fade foi fundamental para a constru\u00e7\u00e3o desse processo. Os profissionais de sa\u00fade trouxeram depoimentos sobre a realidade vivida nos bairros e nas comunidades de Santa Rosa, assegurando que as metas pactuadas estivessem alinhadas com as particularidades de cada regi\u00e3o. O presidente da FUMSSAR, D\u00e9lcio Stefan, ressaltou o compromisso de monitorar os indicadores e ajustar as a\u00e7\u00f5es conforme necess\u00e1rio, \u201cA gest\u00e3o municipal projeta um futuro onde a sa\u00fade p\u00fablica seja cada vez mais acess\u00edvel, eficiente e transparente, beneficiando todos os moradores e promovendo o cuidado integral da popula\u00e7\u00e3o\u201d.<\/p>\n\n\n\n<p>A defini\u00e7\u00e3o de metas para os indicadores de sa\u00fade tamb\u00e9m contribui para o aumento da cobertura da aten\u00e7\u00e3o b\u00e1sica, amplia\u00e7\u00e3o do acesso a consultas especializadas e redu\u00e7\u00e3o do tempo de espera nos atendimentos.<\/p>\n","protected":false},"excerpt":{"rendered":"<p>A pactua\u00e7\u00e3o de indicadores de sa\u00fade para o munic\u00edpio \u00e9 um marco no Planejamento Estrat\u00e9gico&#8230;<\/p>\n","protected":false},"author":36,"featured_media":28070,"comment_status":"closed","ping_status":"closed","sticky":false,"template":"","format":"standard","meta":{"footnotes":""},"categories":[2],"tags":[],"_links":{"self":[{"href":"https:\/\/www.fumssar.com.br\/index.php?rest_route=\/wp\/v2\/posts\/28065"}],"collection":[{"href":"https:\/\/www.fumssar.com.br\/index.php?rest_route=\/wp\/v2\/posts"}],"about":[{"href":"https:\/\/www.fumssar.com.br\/index.php?rest_route=\/wp\/v2\/types\/post"}],"author":[{"embeddable":true,"href":"https:\/\/www.fumssar.com.br\/index.php?rest_route=\/wp\/v2\/users\/36"}],"replies":[{"embeddable":true,"href":"https:\/\/www.fumssar.com.br\/index.php?rest_route=%2Fwp%2Fv2%2Fcomments&post=28065"}],"version-history":[{"count":1,"href":"https:\/\/www.fumssar.com.br\/index.php?rest_route=\/wp\/v2\/posts\/28065\/revisions"}],"predecessor-version":[{"id":28069,"href":"https:\/\/www.fumssar.com.br\/index.php?rest_route=\/wp\/v2\/posts\/28065\/revisions\/28069"}],"wp:featuredmedia":[{"embeddable":true,"href":"https:\/\/www.fumssar.com.br\/index.php?rest_route=\/wp\/v2\/media\/28070"}],"wp:attachment":[{"href":"https:\/\/www.fumssar.com.br\/index.php?rest_route=%2Fwp%2Fv2%2Fmedia&parent=28065"}],"wp:term":[{"taxonomy":"category","embeddable":true,"href":"https:\/\/www.fumssar.com.br\/index.php?rest_route=%2Fwp%2Fv2%2Fcategories&post=28065"},{"taxonomy":"post_tag","embeddable":true,"href":"https:\/\/www.fumssar.com.br\/index.php?rest_route=%2Fwp%2Fv2%2Ftags&post=28065"}],"curies":[{"name":"wp","href":"https:\/\/api.w.org\/{rel}","templated":true}]}}