{"id":28057,"date":"2024-10-28T16:28:26","date_gmt":"2024-10-28T19:28:26","guid":{"rendered":"https:\/\/www.fumssar.com.br\/?p=28057"},"modified":"2024-10-28T16:28:28","modified_gmt":"2024-10-28T19:28:28","slug":"reducao-no-tempo-de-espera-para-exames-e-consultas","status":"publish","type":"post","link":"https:\/\/www.fumssar.com.br\/?p=28057","title":{"rendered":"Redu\u00e7\u00e3o no tempo de espera para exames e consultas"},"content":{"rendered":"\n<figure class=\"wp-block-image size-full\"><a href=\"https:\/\/www.fumssar.com.br\/wp-content\/uploads\/2024\/10\/Formato-Site-e-Portal-860X645-JPG-2024-10-28T161749.617.jpg\"><img loading=\"lazy\" decoding=\"async\" width=\"860\" height=\"645\" src=\"https:\/\/www.fumssar.com.br\/wp-content\/uploads\/2024\/10\/Formato-Site-e-Portal-860X645-JPG-2024-10-28T161749.617.jpg\" alt=\"\" class=\"wp-image-28058\" srcset=\"https:\/\/www.fumssar.com.br\/wp-content\/uploads\/2024\/10\/Formato-Site-e-Portal-860X645-JPG-2024-10-28T161749.617.jpg 860w, https:\/\/www.fumssar.com.br\/wp-content\/uploads\/2024\/10\/Formato-Site-e-Portal-860X645-JPG-2024-10-28T161749.617-300x225.jpg 300w, https:\/\/www.fumssar.com.br\/wp-content\/uploads\/2024\/10\/Formato-Site-e-Portal-860X645-JPG-2024-10-28T161749.617-768x576.jpg 768w\" sizes=\"(max-width: 860px) 100vw, 860px\" \/><\/a><\/figure>\n\n\n\n<p>A Funda\u00e7\u00e3o Municipal de Sa\u00fade de Santa Rosa (FUMSSAR) tem demonstrado avan\u00e7os importantes na qualidade e agilidade do atendimento. Desde a implementa\u00e7\u00e3o da Regula\u00e7\u00e3o M\u00e9dica, em maio de 2023, o tempo m\u00e9dio de espera para exames e consultas foi reduzido significativamente. Um dos maiores avan\u00e7os ocorreu na especialidade de Neuropediatria, que registrava um tempo de espera de 1 ano e 6 meses e agora passou a ter um fluxo de at\u00e9 2 meses. Em janeiro de 2023, 294 crian\u00e7as aguardavam o atendimento, hoje a Funda\u00e7\u00e3o conta com 22 pacientes na fila de espera, todos com consulta marcada.<\/p>\n\n\n\n<p>A Regula\u00e7\u00e3o M\u00e9dica, institu\u00edda pela Portaria GM\/MS n\u00ba 1.559, de 2008, que rege a Pol\u00edtica Nacional de Regula\u00e7\u00e3o do Sistema \u00danico de Sa\u00fade (SUS), visa otimizar o acesso \u00e0 assist\u00eancia, organizando e agilizando os atendimentos. Em Santa Rosa, a regula\u00e7\u00e3o se baseia em protocolos cl\u00ednicos institucionais, constru\u00eddos pela FUMSSAR, e conta com o apoio dos protocolos do Telessa\u00fade RS. O objetivo \u00e9 garantir que os pacientes sejam atendidos conforme a necessidade e urg\u00eancia, aprimorando a qualidade do atendimento e a organiza\u00e7\u00e3o dos recursos dispon\u00edveis.<\/p>\n\n\n\n<p>Os exames de imagem tiveram redu\u00e7\u00e3o. Antes da regula\u00e7\u00e3o, o tempo de espera para tomografias era de 7 a 8 meses, em 2022; agora, \u00e9 poss\u00edvel agendar o exame para o mesmo dia. J\u00e1 as resson\u00e2ncias magn\u00e9ticas, que tinham espera de 12 meses, podem ser realizadas em at\u00e9 2 meses. O presidente da FUMSSAR, D\u00e9lcio Stefan, destaca que essas melhorias representam n\u00e3o apenas a otimiza\u00e7\u00e3o dos recursos financeiros do munic\u00edpio, mas tamb\u00e9m um avan\u00e7o significativo no princ\u00edpio da equidade do SUS, priorizando o atendimento daqueles que mais necessitam, \u201cCom a regula\u00e7\u00e3o, conseguimos organizar melhor a assist\u00eancia, garantindo que os pacientes recebam o atendimento no tempo adequado, o que impacta diretamente na qualidade de vida de todos\u201d.<\/p>\n\n\n\n<p>O trabalho realizado pela equipe de Regula\u00e7\u00e3o M\u00e9dica da FUMSSAR foi recentemente reconhecido no Pr\u00eamio de Melhores Pr\u00e1ticas na Medicina da Associa\u00e7\u00e3o M\u00e9dica do Rio Grande do Sul (AMRIGS). Com o t\u00edtulo \u201cRegula\u00e7\u00e3o M\u00e9dica como Fator de Equidade na Aten\u00e7\u00e3o Prim\u00e1ria \u00e0 Sa\u00fade\u201d, o projeto, desenvolvido pelas m\u00e9dicas Fabiana Breitenbach, diretora do Departamento de Gest\u00e3o da APS, Luciane Jung Dias e Thauana Ketryn Wolff, m\u00e9dicas reguladoras, conquistou o 2\u00ba lugar na modalidade setor p\u00fablico. A premia\u00e7\u00e3o visa reconhecer a\u00e7\u00f5es diferenciadas e iniciativas de relev\u00e2ncia no campo da sa\u00fade. A cerim\u00f4nia de premia\u00e7\u00e3o ocorreu no Dia do M\u00e9dico, 18 de outubro de 2024, no audit\u00f3rio da AMRIGS.<\/p>\n","protected":false},"excerpt":{"rendered":"<p>A Funda\u00e7\u00e3o Municipal de Sa\u00fade de Santa Rosa (FUMSSAR) tem demonstrado avan\u00e7os importantes na qualidade&#8230;<\/p>\n","protected":false},"author":36,"featured_media":28059,"comment_status":"closed","ping_status":"closed","sticky":false,"template":"","format":"standard","meta":{"footnotes":""},"categories":[2],"tags":[],"_links":{"self":[{"href":"https:\/\/www.fumssar.com.br\/index.php?rest_route=\/wp\/v2\/posts\/28057"}],"collection":[{"href":"https:\/\/www.fumssar.com.br\/index.php?rest_route=\/wp\/v2\/posts"}],"about":[{"href":"https:\/\/www.fumssar.com.br\/index.php?rest_route=\/wp\/v2\/types\/post"}],"author":[{"embeddable":true,"href":"https:\/\/www.fumssar.com.br\/index.php?rest_route=\/wp\/v2\/users\/36"}],"replies":[{"embeddable":true,"href":"https:\/\/www.fumssar.com.br\/index.php?rest_route=%2Fwp%2Fv2%2Fcomments&post=28057"}],"version-history":[{"count":1,"href":"https:\/\/www.fumssar.com.br\/index.php?rest_route=\/wp\/v2\/posts\/28057\/revisions"}],"predecessor-version":[{"id":28060,"href":"https:\/\/www.fumssar.com.br\/index.php?rest_route=\/wp\/v2\/posts\/28057\/revisions\/28060"}],"wp:featuredmedia":[{"embeddable":true,"href":"https:\/\/www.fumssar.com.br\/index.php?rest_route=\/wp\/v2\/media\/28059"}],"wp:attachment":[{"href":"https:\/\/www.fumssar.com.br\/index.php?rest_route=%2Fwp%2Fv2%2Fmedia&parent=28057"}],"wp:term":[{"taxonomy":"category","embeddable":true,"href":"https:\/\/www.fumssar.com.br\/index.php?rest_route=%2Fwp%2Fv2%2Fcategories&post=28057"},{"taxonomy":"post_tag","embeddable":true,"href":"https:\/\/www.fumssar.com.br\/index.php?rest_route=%2Fwp%2Fv2%2Ftags&post=28057"}],"curies":[{"name":"wp","href":"https:\/\/api.w.org\/{rel}","templated":true}]}}