{"id":27925,"date":"2024-10-14T08:30:56","date_gmt":"2024-10-14T11:30:56","guid":{"rendered":"https:\/\/www.fumssar.com.br\/?p=27925"},"modified":"2024-10-14T08:30:57","modified_gmt":"2024-10-14T11:30:57","slug":"presidente-da-fumssar-participou-de-congresso-sobre-informatica-na-saude-publica","status":"publish","type":"post","link":"https:\/\/www.fumssar.com.br\/?p=27925","title":{"rendered":"Presidente da FUMSSAR participou de\u00a0congresso\u00a0sobre inform\u00e1tica na sa\u00fade p\u00fablica"},"content":{"rendered":"\n<p>O Presidente da Funda\u00e7\u00e3o Municipal de Sa\u00fade de Santa Rosa, D\u00e9lcio Stefan, participou na \u00faltima semana, do&nbsp;XX Congresso Brasileiro de Inform\u00e1tica em Sa\u00fade &#8211; CBIS&#8217;24. O evento aconteceu em Belo Horizonte, Minas Gerais e contou com a presen\u00e7a de diversas autoridades na \u00e1rea da sa\u00fade. A a\u00e7\u00e3o foi promovida pela Sociedade Brasileira de Inform\u00e1tica em Sa\u00fade &#8211; SBIS.<\/p>\n\n\n\n<p>O\u00a0tema central da 20\u00aa edi\u00e7\u00e3o do congresso foi: &#8220;Sa\u00fade Digital: Sa\u00fade para Todos&#8221;,\u00a0com o intuito de promover a discuss\u00e3o sobre a equidade, inclus\u00e3o e a transforma\u00e7\u00e3o de como a sa\u00fade \u00e9 entregue para os cidad\u00e3os. O Presidente da FUMSSAR, D\u00e9lcio Stefan, destacou que a inform\u00e1tica e a tecnologia, est\u00e3o cada vez mais presentes nos servi\u00e7os e auxiliam na promo\u00e7\u00e3o de sa\u00fade da popula\u00e7\u00e3o, &#8220;Foi uma excelente oportunidade para ouvir e saber mais sobre as inova\u00e7\u00f5es digitais na \u00e1rea da sa\u00fade. Participar de a\u00e7\u00f5es como esta, nos possibilita explorar e implementar novos projetos e melhorias para a sa\u00fade dos santa-rosenses\u201d.<\/p>\n\n\n\n<p>Participou do&nbsp;congresso&nbsp;junto com o Presidente da Funda\u00e7\u00e3o de Sa\u00fade, o Coordenador de T.I da FUMSSAR, Diego Rodrigues.<\/p>\n","protected":false},"excerpt":{"rendered":"<p>O Presidente da Funda\u00e7\u00e3o Municipal de Sa\u00fade de Santa Rosa, D\u00e9lcio Stefan, participou na \u00faltima&#8230;<\/p>\n","protected":false},"author":36,"featured_media":27926,"comment_status":"closed","ping_status":"closed","sticky":false,"template":"","format":"standard","meta":{"footnotes":""},"categories":[2],"tags":[],"_links":{"self":[{"href":"https:\/\/www.fumssar.com.br\/index.php?rest_route=\/wp\/v2\/posts\/27925"}],"collection":[{"href":"https:\/\/www.fumssar.com.br\/index.php?rest_route=\/wp\/v2\/posts"}],"about":[{"href":"https:\/\/www.fumssar.com.br\/index.php?rest_route=\/wp\/v2\/types\/post"}],"author":[{"embeddable":true,"href":"https:\/\/www.fumssar.com.br\/index.php?rest_route=\/wp\/v2\/users\/36"}],"replies":[{"embeddable":true,"href":"https:\/\/www.fumssar.com.br\/index.php?rest_route=%2Fwp%2Fv2%2Fcomments&post=27925"}],"version-history":[{"count":1,"href":"https:\/\/www.fumssar.com.br\/index.php?rest_route=\/wp\/v2\/posts\/27925\/revisions"}],"predecessor-version":[{"id":27927,"href":"https:\/\/www.fumssar.com.br\/index.php?rest_route=\/wp\/v2\/posts\/27925\/revisions\/27927"}],"wp:featuredmedia":[{"embeddable":true,"href":"https:\/\/www.fumssar.com.br\/index.php?rest_route=\/wp\/v2\/media\/27926"}],"wp:attachment":[{"href":"https:\/\/www.fumssar.com.br\/index.php?rest_route=%2Fwp%2Fv2%2Fmedia&parent=27925"}],"wp:term":[{"taxonomy":"category","embeddable":true,"href":"https:\/\/www.fumssar.com.br\/index.php?rest_route=%2Fwp%2Fv2%2Fcategories&post=27925"},{"taxonomy":"post_tag","embeddable":true,"href":"https:\/\/www.fumssar.com.br\/index.php?rest_route=%2Fwp%2Fv2%2Ftags&post=27925"}],"curies":[{"name":"wp","href":"https:\/\/api.w.org\/{rel}","templated":true}]}}