{"id":2781,"date":"2014-11-06T13:27:16","date_gmt":"2014-11-06T13:27:16","guid":{"rendered":"http:\/\/www.fumssar.com.br\/?p=2781"},"modified":"2024-10-07T16:36:15","modified_gmt":"2024-10-07T19:36:15","slug":"cerest-completa-um-ano-de-atividades","status":"publish","type":"post","link":"https:\/\/www.fumssar.com.br\/?p=2781","title":{"rendered":"CEREST completa um ano de atividades"},"content":{"rendered":"<p>O CEREST (Centro Regional de Refer\u00eancia em Sa\u00fade do Trabalhador) &#8211; Regi\u00e3o Fronteira Noroeste, com sede em Santa Rosa, ligado \u00e0 Funda\u00e7\u00e3o Municipal de Sa\u00fade-FUMSSAR, desenvolve suas atividades desde novembro de 2013, \u00e9 um servi\u00e7o do SUS especializado na \u00e1rea de Sa\u00fade do Trabalhador, tendo como principal objetivo a preven\u00e7\u00e3o de acidentes e doen\u00e7as relacionadas ao trabalho, em uma \u00e1rea de abrang\u00eancia que envolve 22 munic\u00edpios.<\/p>\n<p>Destina-se a todos os trabalhadores, das mais diversas \u00e1reas, como das zonas urbanas e rurais, do mercado formal e informal, com carteira assinada ou n\u00e3o, aut\u00f4nomos, funcion\u00e1rios p\u00fablicos ou privados, desempregados, aposentados, etc., os quais tem acesso ao servi\u00e7o atrav\u00e9s de encaminhamento das Unidades B\u00e1sicas de Sa\u00fade ou servi\u00e7os de per\u00edcia m\u00e9dica.<\/p>\n<p>O CEREST possui uma equipe multiprofissional composta por M\u00e9dico, Fisioterapeuta, Enfermeira, T\u00e9cnica em Enfermagem, Fonoaudi\u00f3loga, T\u00e9cnica em Seguran\u00e7a do Trabalho e Psic\u00f3loga, atrav\u00e9s da qual realiza suas a\u00e7\u00f5es divididas nos seguintes n\u00facleos:<\/p>\n<ul>\n<li>Educa\u00e7\u00e3o\/Forma\u00e7\u00e3o: Realizam-se palestras, cursos, capacita\u00e7\u00f5es, semin\u00e1rios dirigidos aos profissionais da sa\u00fade da rede SUS, trabalhadores, gestores de sa\u00fade, conselheiros, representantes sindicais e comunidade em geral.<\/li>\n<li>Vigil\u00e2ncia Epidemiol\u00f3gica: Utiliza-se do Sistema de Informa\u00e7\u00f5es em Sa\u00fade do Trabalhador (SIST) que \u00e9 abastecido com as notifica\u00e7\u00f5es de acidentes\/doen\u00e7as relacionados ao trabalho, para o planejamento de suas a\u00e7\u00f5es.<\/li>\n<li>Vigil\u00e2ncia aos Ambientes e Processos de Trabalho: Realiza\u00e7\u00e3o de visitas aos locais de trabalho, a fim de orientar melhorias das condi\u00e7\u00f5es nestes locais, preservando a sa\u00fade do trabalhador.<\/li>\n<li>Assist\u00eancia e Reabilita\u00e7\u00e3o: Atendimento aos trabalhadores acometidos por doen\u00e7as ou acidentes relacionados ao trabalho, buscando diagn\u00f3sticos e tratamentos mais precisos, assim como estabelecimento de nexo com a atividade que desempenham.<\/li>\n<\/ul>\n<p>Assim, o CEREST promover\u00e1 v\u00e1rios eventos no m\u00eas de novembro em comemora\u00e7\u00e3o ao seu primeiro ano de funcionamento inseridos tamb\u00e9m no calend\u00e1rio de atividades do novembro azul.<\/p>\n","protected":false},"excerpt":{"rendered":"<p>O CEREST (Centro Regional de Refer\u00eancia em Sa\u00fade do Trabalhador) &#8211; Regi\u00e3o Fronteira Noroeste, com&#8230;<\/p>\n","protected":false},"author":11,"featured_media":2782,"comment_status":"open","ping_status":"open","sticky":false,"template":"","format":"standard","meta":{"footnotes":""},"categories":[2],"tags":[],"_links":{"self":[{"href":"https:\/\/www.fumssar.com.br\/index.php?rest_route=\/wp\/v2\/posts\/2781"}],"collection":[{"href":"https:\/\/www.fumssar.com.br\/index.php?rest_route=\/wp\/v2\/posts"}],"about":[{"href":"https:\/\/www.fumssar.com.br\/index.php?rest_route=\/wp\/v2\/types\/post"}],"author":[{"embeddable":true,"href":"https:\/\/www.fumssar.com.br\/index.php?rest_route=\/wp\/v2\/users\/11"}],"replies":[{"embeddable":true,"href":"https:\/\/www.fumssar.com.br\/index.php?rest_route=%2Fwp%2Fv2%2Fcomments&post=2781"}],"version-history":[{"count":1,"href":"https:\/\/www.fumssar.com.br\/index.php?rest_route=\/wp\/v2\/posts\/2781\/revisions"}],"predecessor-version":[{"id":2783,"href":"https:\/\/www.fumssar.com.br\/index.php?rest_route=\/wp\/v2\/posts\/2781\/revisions\/2783"}],"wp:featuredmedia":[{"embeddable":true,"href":"https:\/\/www.fumssar.com.br\/index.php?rest_route=\/wp\/v2\/media\/2782"}],"wp:attachment":[{"href":"https:\/\/www.fumssar.com.br\/index.php?rest_route=%2Fwp%2Fv2%2Fmedia&parent=2781"}],"wp:term":[{"taxonomy":"category","embeddable":true,"href":"https:\/\/www.fumssar.com.br\/index.php?rest_route=%2Fwp%2Fv2%2Fcategories&post=2781"},{"taxonomy":"post_tag","embeddable":true,"href":"https:\/\/www.fumssar.com.br\/index.php?rest_route=%2Fwp%2Fv2%2Ftags&post=2781"}],"curies":[{"name":"wp","href":"https:\/\/api.w.org\/{rel}","templated":true}]}}