{"id":2758,"date":"2014-10-29T16:16:25","date_gmt":"2014-10-29T16:16:25","guid":{"rendered":"http:\/\/www.fumssar.com.br\/?p=2758"},"modified":"2024-10-07T16:36:15","modified_gmt":"2024-10-07T19:36:15","slug":"desenvolvimento-infantil-sera-tema-de-palestra","status":"publish","type":"post","link":"https:\/\/www.fumssar.com.br\/?p=2758","title":{"rendered":"Desenvolvimento Infantil ser\u00e1 tema de palestra"},"content":{"rendered":"<div align=\"center\">\n<table width=\"539\" border=\"0\" cellspacing=\"0\" cellpadding=\"0\">\n<tbody>\n<tr>\n<td width=\"539\"><a href=\"http:\/\/www.santarosa.rs.gov.br\/noticias_indice_geral.php\">Not\u00edcias &gt; <\/a><a href=\"http:\/\/www.santarosa.rs.gov.br\/noticias_indice_mes.php?mes=10&amp;ano=2014\">Outubro de 2014 &gt;<\/a> <a href=\"http:\/\/www.santarosa.rs.gov.br\/secretarias.php?secretaria=6\">Secretaria de Educa\u00e7\u00e3o e Juventude<\/a><\/td>\n<\/tr>\n<tr>\n<td width=\"539\"><\/td>\n<\/tr>\n<tr>\n<td width=\"539\"><\/td>\n<\/tr>\n<tr>\n<td width=\"539\">29 de Outubro 2014<\/td>\n<\/tr>\n<tr>\n<td width=\"539\"><b>Desenvolvimento Infantil ser\u00e1 tema de \u00a0 palestra<\/b><\/td>\n<\/tr>\n<tr>\n<td width=\"539\"><\/td>\n<\/tr>\n<tr>\n<td width=\"539\">\n<p align=\"right\"><a title=\"&quot;Desenvolvimento Infantil ser\u00e1 tema de palestra&quot; \" href=\"http:\/\/www.santarosa.rs.gov.br\/imagens\/noticias\/20141029923591357.jpg\"> \u00a0\u00a0 \u00a0\u00a0 \u00a0\u00a0\u00a0 \u00a0\u00a0\u00a0 \u00a0\u00a0\u00a0 \u00a0\u00a0\u00a0 \u00a0\u00a0\u00a0 \u00a0\u00a0\u00a0 \u00a0\u00a0\u00a0 \u00a0\u00a0\u00a0 \u00a0\u00a0\u00a0 \u00a0\u00a0\u00a0 \u00a0\u00a0\u00a0 \u00a0\u00a0\u00a0 \u00a0\u00a0 \u00a0\u00a0 \u00a0\u00a0 \u00a0 \u00a0\u00a0 \u00a0 <\/a><\/p>\n<\/td>\n<\/tr>\n<tr>\n<td width=\"539\">&nbsp;<\/td>\n<\/tr>\n<tr>\n<td width=\"539\">&nbsp;<\/p>\n<p>Na pr\u00f3xima ter\u00e7a-feira, 4, o Centro \u00a0 C\u00edvico ser\u00e1 palco de uma palestra com o professor doutor Geraldo de Almeida, \u00a0 que abordar\u00e1 o tema \u201cDesenvolvimento Infantil\u201d. O evento, destinado \u00e0 \u00a0 professores e profissionais da sa\u00fade, \u00e9 uma realiza\u00e7\u00e3o da Secretaria de Educa\u00e7\u00e3o \u00a0 e Juventude e da Funda\u00e7\u00e3o Municipal de Sa\u00fade de Santa Rosa. O encontro \u00a0 acontece \u00e0s 19h30.<\/p>\n<p>&nbsp;<\/p>\n<p>Atualmente, o professor \u00e9 presidente \u00a0 do Conselho Editorial da PR\u00d3-INFANTI EDITORA e docente da Universidade \u00a0 Federal do Paran\u00e1. Membro da Comiss\u00e3o Cient\u00edfica da Sociedade Brasileira de \u00a0 Psicomotricidade e diretor do Instituto Educa Brasil. Formado em educa\u00e7\u00e3o \u00a0 pela UEP, mestre em Estudos Liter\u00e1rios pela UFP e doutor em Teoria Liter\u00e1ria \u00a0 pela UFSC. Por\u00e9m, seu maior orgulho foi ter sido palestrante e professor na \u00c1frica \u00a0 em 2011 &#8211; of\u00edcio que mudou, para sempre, sua trajet\u00f3ria profissional.<\/p>\n<p>A Palestra \u00e9 gratuita os organizadores sugerem uma doa\u00e7\u00e3o espont\u00e2nea de um livro infantil.<\/td>\n<\/tr>\n<\/tbody>\n<\/table>\n<\/div>\n<p>&nbsp;<\/p>\n<p>Fonte: Assessoria de Imprensa da Prefeitura Municipal<\/p>\n","protected":false},"excerpt":{"rendered":"<p>Not\u00edcias &gt; Outubro de 2014 &gt; Secretaria de Educa\u00e7\u00e3o e Juventude 29 de Outubro 2014&#8230;<\/p>\n","protected":false},"author":11,"featured_media":2759,"comment_status":"open","ping_status":"open","sticky":false,"template":"","format":"standard","meta":{"footnotes":""},"categories":[2],"tags":[],"_links":{"self":[{"href":"https:\/\/www.fumssar.com.br\/index.php?rest_route=\/wp\/v2\/posts\/2758"}],"collection":[{"href":"https:\/\/www.fumssar.com.br\/index.php?rest_route=\/wp\/v2\/posts"}],"about":[{"href":"https:\/\/www.fumssar.com.br\/index.php?rest_route=\/wp\/v2\/types\/post"}],"author":[{"embeddable":true,"href":"https:\/\/www.fumssar.com.br\/index.php?rest_route=\/wp\/v2\/users\/11"}],"replies":[{"embeddable":true,"href":"https:\/\/www.fumssar.com.br\/index.php?rest_route=%2Fwp%2Fv2%2Fcomments&post=2758"}],"version-history":[{"count":2,"href":"https:\/\/www.fumssar.com.br\/index.php?rest_route=\/wp\/v2\/posts\/2758\/revisions"}],"predecessor-version":[{"id":2761,"href":"https:\/\/www.fumssar.com.br\/index.php?rest_route=\/wp\/v2\/posts\/2758\/revisions\/2761"}],"wp:featuredmedia":[{"embeddable":true,"href":"https:\/\/www.fumssar.com.br\/index.php?rest_route=\/wp\/v2\/media\/2759"}],"wp:attachment":[{"href":"https:\/\/www.fumssar.com.br\/index.php?rest_route=%2Fwp%2Fv2%2Fmedia&parent=2758"}],"wp:term":[{"taxonomy":"category","embeddable":true,"href":"https:\/\/www.fumssar.com.br\/index.php?rest_route=%2Fwp%2Fv2%2Fcategories&post=2758"},{"taxonomy":"post_tag","embeddable":true,"href":"https:\/\/www.fumssar.com.br\/index.php?rest_route=%2Fwp%2Fv2%2Ftags&post=2758"}],"curies":[{"name":"wp","href":"https:\/\/api.w.org\/{rel}","templated":true}]}}