{"id":2746,"date":"2014-10-28T19:21:46","date_gmt":"2014-10-28T19:21:46","guid":{"rendered":"http:\/\/www.fumssar.com.br\/?p=2746"},"modified":"2024-10-07T16:36:15","modified_gmt":"2024-10-07T19:36:15","slug":"fumssar-lanca-edital-de-licitacao-para-a-aquisicao-equipamentos-da-uti-da-abosco","status":"publish","type":"post","link":"https:\/\/www.fumssar.com.br\/?p=2746","title":{"rendered":"FUMSSAR lan\u00e7a edital de licita\u00e7\u00e3o para a aquisi\u00e7\u00e3o equipamentos da UTI da ABOSCO"},"content":{"rendered":"<p>A Funda\u00e7\u00e3o Municipal de Sa\u00fade de Santa Rosa lan\u00e7ou o edital de Preg\u00e3o Presencial n\u00ba 34\/2014 prevendo a compra de equipamentos para a implanta\u00e7\u00e3o da Unidade de Tratamento Intensivo &#8211; UTI do Hospital ABOSCO.<!--?xml:namespace prefix = \"o\" ns = \"urn:schemas-microsoft-com:office:office\" \/--><\/p>\n<p>Segundo o Diretor de Gest\u00e3o Administrativa, Aldair Melchior, ser\u00e3o investidos cerca de R$ 180.000,00 e a abertura da licita\u00e7\u00e3o est\u00e1 marcada para o dia 7 de novembro junto ao Audit\u00f3rio do N\u00facleo de Ensino e Pesquisa &#8211; NEP. O presidente da FUMSSAR, Dr. Lu\u00eds Benvegn\u00fa destaca que esta a\u00e7\u00e3o vai viabilizar a abertura da unidade, desta forma \u00e9 mais um servi\u00e7o na \u00e1rea de sa\u00fade que Santa Rosa ter\u00e1 a disposi\u00e7\u00e3o da popula\u00e7\u00e3o.<\/p>\n","protected":false},"excerpt":{"rendered":"<p>A Funda\u00e7\u00e3o Municipal de Sa\u00fade de Santa Rosa lan\u00e7ou o edital de Preg\u00e3o Presencial n\u00ba&#8230;<\/p>\n","protected":false},"author":11,"featured_media":2747,"comment_status":"open","ping_status":"open","sticky":false,"template":"","format":"standard","meta":{"footnotes":""},"categories":[2],"tags":[],"_links":{"self":[{"href":"https:\/\/www.fumssar.com.br\/index.php?rest_route=\/wp\/v2\/posts\/2746"}],"collection":[{"href":"https:\/\/www.fumssar.com.br\/index.php?rest_route=\/wp\/v2\/posts"}],"about":[{"href":"https:\/\/www.fumssar.com.br\/index.php?rest_route=\/wp\/v2\/types\/post"}],"author":[{"embeddable":true,"href":"https:\/\/www.fumssar.com.br\/index.php?rest_route=\/wp\/v2\/users\/11"}],"replies":[{"embeddable":true,"href":"https:\/\/www.fumssar.com.br\/index.php?rest_route=%2Fwp%2Fv2%2Fcomments&post=2746"}],"version-history":[{"count":1,"href":"https:\/\/www.fumssar.com.br\/index.php?rest_route=\/wp\/v2\/posts\/2746\/revisions"}],"predecessor-version":[{"id":2748,"href":"https:\/\/www.fumssar.com.br\/index.php?rest_route=\/wp\/v2\/posts\/2746\/revisions\/2748"}],"wp:featuredmedia":[{"embeddable":true,"href":"https:\/\/www.fumssar.com.br\/index.php?rest_route=\/wp\/v2\/media\/2747"}],"wp:attachment":[{"href":"https:\/\/www.fumssar.com.br\/index.php?rest_route=%2Fwp%2Fv2%2Fmedia&parent=2746"}],"wp:term":[{"taxonomy":"category","embeddable":true,"href":"https:\/\/www.fumssar.com.br\/index.php?rest_route=%2Fwp%2Fv2%2Fcategories&post=2746"},{"taxonomy":"post_tag","embeddable":true,"href":"https:\/\/www.fumssar.com.br\/index.php?rest_route=%2Fwp%2Fv2%2Ftags&post=2746"}],"curies":[{"name":"wp","href":"https:\/\/api.w.org\/{rel}","templated":true}]}}