{"id":2743,"date":"2014-10-28T19:17:09","date_gmt":"2014-10-28T19:17:09","guid":{"rendered":"http:\/\/www.fumssar.com.br\/?p=2743"},"modified":"2014-10-28T19:18:53","modified_gmt":"2014-10-28T19:18:53","slug":"campanha-nacional-de-vacinacao-contra-a-poliomelite-e-de-segmento-contra-o-sarampo-inicia-no-proximo-dia-8","status":"publish","type":"post","link":"https:\/\/www.fumssar.com.br\/?p=2743","title":{"rendered":"Campanha Nacional de Vacina\u00e7\u00e3o contra a Poliomelite e de segmento contra o Sarampo inicia no pr\u00f3ximo dia 8"},"content":{"rendered":"<p align=\"center\"><b>Aten\u00e7\u00e3o: Pais e respons\u00e1veis pelas crian\u00e7as maiores de 6 meses e menores de 5 anos<\/b><\/p>\n<p>&nbsp;<\/p>\n<p>A Funda\u00e7\u00e3o Municipal de Sa\u00fade de Santa Rosa mobilizar\u00e1 todo o munic\u00edpio para mais uma edi\u00e7\u00e3o da Campanha Nacional de Vacina\u00e7\u00e3o contra Poliomielite (Paralisia Infantil) e Campanha de Seguimento contra o Sarampo, que ocorre do dia 8 ao dia 28 de novembro de 2014, nas unidades de sa\u00fade do munic\u00edpio.<\/p>\n<p>Os s\u00e1bados dos dias 8 e 22 de novembro, ser\u00e3o dois momentos em que todos os postos de sa\u00fade estar\u00e3o abertos das 08 \u00e0s 17 horas, sem fechar ao meio dia, na \u00e1rea urbana e na \u00e1rea rural. Este ano n\u00e3o haver\u00e1 vacina\u00e7\u00e3o em postos volantes, pois al\u00e9m da vacina da p\u00f3lio que \u00e9 em forma de gotinhas, a campanha \u00e9 tamb\u00e9m para aplica\u00e7\u00e3o da vacina contra o sarampo, que \u00e9 injet\u00e1vel.<\/p>\n<p>A popula\u00e7\u00e3o alvo de Santa Rosa para a campanha contra a poliomielite \u00e9 de 4018 crian\u00e7as (maiores de 6 meses e menores de 5 anos), e para a campanha de seguimento contra o sarampo \u00e9 de 3164 crian\u00e7as (maiores de 1 ano e menores de 5 anos). A meta estabelecida pelo Minist\u00e9rio da Sa\u00fade \u00e9 vacinar, no m\u00ednimo, 95% \u00a0delas, independente de sua situa\u00e7\u00e3o vacinal.<\/p>\n<p>\u00c9 importante salientar que, embora a erradica\u00e7\u00e3o da poliomielite esteja avan\u00e7ando, pa\u00edses como o Brasil, livres da doen\u00e7a, precisam manter altas e homog\u00eaneas coberturas vacinais a fim de evitar a reintrodu\u00e7\u00e3o do v\u00edrus, uma vez que ainda existem alguns pa\u00edses da \u00c1frica e \u00c1sia registrando casos da doen\u00e7a.<\/p>\n<p>O objetivo da campanha de vacina\u00e7\u00e3o contra o sarampo \u00e9 resgatar menores de cinco anos ainda n\u00e3o vacinados e corrigir poss\u00edvel falha prim\u00e1ria da vacina\u00e7\u00e3o, visando garantir a manuten\u00e7\u00e3o do estado de elimina\u00e7\u00e3o do sarampo e rub\u00e9ola no pa\u00eds, j\u00e1 que a vacina utilizada na campanha \u00e9 a Tr\u00edplice Viral, que protege contra o sarampo, a rub\u00e9ola e a caxumba.<\/p>\n<p>&nbsp;<\/p>\n<p>&nbsp;<\/p>\n<p><b>Quem deve ser vacinado durante a campanha? <\/b><\/p>\n<p>Todas as crian\u00e7as com mais de 6 meses e menos de 5 anos dever\u00e3o receber as gotinhas da vacina contra poliomielite (paralisia infantil)<\/p>\n<p>Todas as crian\u00e7as com mais de 12 meses e menos de 5 anos dever\u00e3o receber, al\u00e9m das gotinhas, a vacina contra o sarampo (Tr\u00edplice Viral).<\/p>\n<p>Todos dever\u00e3o ser vacinados, independente de estarem com suas vacinas em dia.<\/p>\n<p>&nbsp;<\/p>\n<p><b>O que n\u00e3o se pode esquecer?<\/b><\/p>\n<p>O cart\u00e3o de vacinas. \u00c9 importante que os pais e\/ou respons\u00e1veis pelas crian\u00e7as n\u00e3o esque\u00e7am de procurar o posto de sa\u00fade ao qual pertencem, levando sempre o cart\u00e3o de vacinas da crian\u00e7a. <b><\/b><\/p>\n<p>&nbsp;<\/p>\n","protected":false},"excerpt":{"rendered":"<p>Aten\u00e7\u00e3o: Pais e respons\u00e1veis pelas crian\u00e7as maiores de 6 meses e menores de 5 anos&#8230;<\/p>\n","protected":false},"author":11,"featured_media":2744,"comment_status":"open","ping_status":"open","sticky":false,"template":"","format":"standard","meta":{"footnotes":""},"categories":[1],"tags":[],"_links":{"self":[{"href":"https:\/\/www.fumssar.com.br\/index.php?rest_route=\/wp\/v2\/posts\/2743"}],"collection":[{"href":"https:\/\/www.fumssar.com.br\/index.php?rest_route=\/wp\/v2\/posts"}],"about":[{"href":"https:\/\/www.fumssar.com.br\/index.php?rest_route=\/wp\/v2\/types\/post"}],"author":[{"embeddable":true,"href":"https:\/\/www.fumssar.com.br\/index.php?rest_route=\/wp\/v2\/users\/11"}],"replies":[{"embeddable":true,"href":"https:\/\/www.fumssar.com.br\/index.php?rest_route=%2Fwp%2Fv2%2Fcomments&post=2743"}],"version-history":[{"count":1,"href":"https:\/\/www.fumssar.com.br\/index.php?rest_route=\/wp\/v2\/posts\/2743\/revisions"}],"predecessor-version":[{"id":2745,"href":"https:\/\/www.fumssar.com.br\/index.php?rest_route=\/wp\/v2\/posts\/2743\/revisions\/2745"}],"wp:featuredmedia":[{"embeddable":true,"href":"https:\/\/www.fumssar.com.br\/index.php?rest_route=\/wp\/v2\/media\/2744"}],"wp:attachment":[{"href":"https:\/\/www.fumssar.com.br\/index.php?rest_route=%2Fwp%2Fv2%2Fmedia&parent=2743"}],"wp:term":[{"taxonomy":"category","embeddable":true,"href":"https:\/\/www.fumssar.com.br\/index.php?rest_route=%2Fwp%2Fv2%2Fcategories&post=2743"},{"taxonomy":"post_tag","embeddable":true,"href":"https:\/\/www.fumssar.com.br\/index.php?rest_route=%2Fwp%2Fv2%2Ftags&post=2743"}],"curies":[{"name":"wp","href":"https:\/\/api.w.org\/{rel}","templated":true}]}}