{"id":27255,"date":"2024-06-17T10:49:01","date_gmt":"2024-06-17T13:49:01","guid":{"rendered":"https:\/\/www.fumssar.com.br\/?p=27255"},"modified":"2024-10-07T16:29:48","modified_gmt":"2024-10-07T19:29:48","slug":"academica-de-nutricao-da-ufsm-realiza-estagio-na-fumssar","status":"publish","type":"post","link":"https:\/\/www.fumssar.com.br\/?p=27255","title":{"rendered":"Acad\u00eamica de Nutri\u00e7\u00e3o da UFSM realiza est\u00e1gio na FUMSSAR"},"content":{"rendered":"\n<figure class=\"wp-block-image size-large\"><a href=\"https:\/\/www.fumssar.com.br\/wp-content\/uploads\/2024\/06\/WhatsApp-Image-2024-06-14-at-15.58.35.jpeg\"><img loading=\"lazy\" decoding=\"async\" width=\"1024\" height=\"1024\" src=\"https:\/\/www.fumssar.com.br\/wp-content\/uploads\/2024\/06\/WhatsApp-Image-2024-06-14-at-15.58.35-1024x1024.jpeg\" alt=\"\" class=\"wp-image-27256\" srcset=\"https:\/\/www.fumssar.com.br\/wp-content\/uploads\/2024\/06\/WhatsApp-Image-2024-06-14-at-15.58.35-1024x1024.jpeg 1024w, https:\/\/www.fumssar.com.br\/wp-content\/uploads\/2024\/06\/WhatsApp-Image-2024-06-14-at-15.58.35-300x300.jpeg 300w, https:\/\/www.fumssar.com.br\/wp-content\/uploads\/2024\/06\/WhatsApp-Image-2024-06-14-at-15.58.35-150x150.jpeg 150w, https:\/\/www.fumssar.com.br\/wp-content\/uploads\/2024\/06\/WhatsApp-Image-2024-06-14-at-15.58.35-768x768.jpeg 768w, https:\/\/www.fumssar.com.br\/wp-content\/uploads\/2024\/06\/WhatsApp-Image-2024-06-14-at-15.58.35.jpeg 1080w\" sizes=\"(max-width: 1024px) 100vw, 1024px\" \/><\/a><\/figure>\n\n\n\n<p>A acad\u00eamica Let\u00edcia Gnatta, do curso de Nutri\u00e7\u00e3o da Universidade Federal de Santa Maria (UFSM) \u2013 Campus Palmeira das Miss\u00f5es, realiza atualmente est\u00e1gio na Funda\u00e7\u00e3o Municipal de Sa\u00fade de Santa Rosa, supervisionado pela nutricionista da FUMSSAR, Sabrina Estelle Dullius e orientado pela Professora Dr\u00aa. Greisse Viero da Silva Leal, da UFSM.<\/p>\n\n\n\n<p>Em parceria com a Unidade B\u00e1sica de Sa\u00fade Cruzeiro do Sul, a acad\u00eamica realizou uma atividade na sala de espera, no m\u00eas de junho. A atividade abordou as mudan\u00e7as da alimenta\u00e7\u00e3o no inverno, com o objetivo de trazer informa\u00e7\u00f5es para a popula\u00e7\u00e3o e promover um consumo alimentar saud\u00e1vel e prazeroso no inverno.<\/p>\n","protected":false},"excerpt":{"rendered":"<p>A acad\u00eamica Let\u00edcia Gnatta, do curso de Nutri\u00e7\u00e3o da Universidade Federal de Santa Maria (UFSM)&#8230;<\/p>\n","protected":false},"author":36,"featured_media":27257,"comment_status":"closed","ping_status":"closed","sticky":false,"template":"","format":"standard","meta":{"footnotes":""},"categories":[2],"tags":[],"_links":{"self":[{"href":"https:\/\/www.fumssar.com.br\/index.php?rest_route=\/wp\/v2\/posts\/27255"}],"collection":[{"href":"https:\/\/www.fumssar.com.br\/index.php?rest_route=\/wp\/v2\/posts"}],"about":[{"href":"https:\/\/www.fumssar.com.br\/index.php?rest_route=\/wp\/v2\/types\/post"}],"author":[{"embeddable":true,"href":"https:\/\/www.fumssar.com.br\/index.php?rest_route=\/wp\/v2\/users\/36"}],"replies":[{"embeddable":true,"href":"https:\/\/www.fumssar.com.br\/index.php?rest_route=%2Fwp%2Fv2%2Fcomments&post=27255"}],"version-history":[{"count":1,"href":"https:\/\/www.fumssar.com.br\/index.php?rest_route=\/wp\/v2\/posts\/27255\/revisions"}],"predecessor-version":[{"id":27258,"href":"https:\/\/www.fumssar.com.br\/index.php?rest_route=\/wp\/v2\/posts\/27255\/revisions\/27258"}],"wp:featuredmedia":[{"embeddable":true,"href":"https:\/\/www.fumssar.com.br\/index.php?rest_route=\/wp\/v2\/media\/27257"}],"wp:attachment":[{"href":"https:\/\/www.fumssar.com.br\/index.php?rest_route=%2Fwp%2Fv2%2Fmedia&parent=27255"}],"wp:term":[{"taxonomy":"category","embeddable":true,"href":"https:\/\/www.fumssar.com.br\/index.php?rest_route=%2Fwp%2Fv2%2Fcategories&post=27255"},{"taxonomy":"post_tag","embeddable":true,"href":"https:\/\/www.fumssar.com.br\/index.php?rest_route=%2Fwp%2Fv2%2Ftags&post=27255"}],"curies":[{"name":"wp","href":"https:\/\/api.w.org\/{rel}","templated":true}]}}