{"id":27210,"date":"2024-06-11T10:17:25","date_gmt":"2024-06-11T13:17:25","guid":{"rendered":"https:\/\/www.fumssar.com.br\/?p=27210"},"modified":"2024-10-07T16:29:48","modified_gmt":"2024-10-07T19:29:48","slug":"raps-divulga-programacao-do-junho-branco-mes-de-conscientizacao-e-prevencao-do-uso-de-drogas","status":"publish","type":"post","link":"https:\/\/www.fumssar.com.br\/?p=27210","title":{"rendered":"RAPS divulga programa\u00e7\u00e3o do Junho Branco, m\u00eas de conscientiza\u00e7\u00e3o e preven\u00e7\u00e3o do uso de drogas"},"content":{"rendered":"\n<figure class=\"wp-block-image size-full\"><a href=\"https:\/\/www.fumssar.com.br\/wp-content\/uploads\/2024\/06\/Formato-Site-e-Portal-860X645-JPG-2024-06-11T101020.443.jpg\"><img loading=\"lazy\" decoding=\"async\" width=\"860\" height=\"645\" src=\"https:\/\/www.fumssar.com.br\/wp-content\/uploads\/2024\/06\/Formato-Site-e-Portal-860X645-JPG-2024-06-11T101020.443.jpg\" alt=\"\" class=\"wp-image-27211\" srcset=\"https:\/\/www.fumssar.com.br\/wp-content\/uploads\/2024\/06\/Formato-Site-e-Portal-860X645-JPG-2024-06-11T101020.443.jpg 860w, https:\/\/www.fumssar.com.br\/wp-content\/uploads\/2024\/06\/Formato-Site-e-Portal-860X645-JPG-2024-06-11T101020.443-300x225.jpg 300w, https:\/\/www.fumssar.com.br\/wp-content\/uploads\/2024\/06\/Formato-Site-e-Portal-860X645-JPG-2024-06-11T101020.443-768x576.jpg 768w\" sizes=\"(max-width: 860px) 100vw, 860px\" \/><\/a><\/figure>\n\n\n\n<p>Junho \u00e9 o m\u00eas dedicado \u00e0 preven\u00e7\u00e3o ao uso de drogas. A Rede de Aten\u00e7\u00e3o Psicossocial de Santa Rosa &#8211; RAPS e a FUMSSAR intensificaram as a\u00e7\u00f5es informativas sobre o tema e divulgaram uma programa\u00e7\u00e3o com diversas atividades. As a\u00e7\u00f5es s\u00e3o voltadas principalmente aos jovens e familiares de pacientes com objetivo de prevenir e conscientizar sobre o uso abusivo de \u00e1lcool e outras drogas.<\/p>\n\n\n\n<p>A programa\u00e7\u00e3o vai contar com a realiza\u00e7\u00e3o de testes r\u00e1pidos nos abrigos municipais, grupos de tabagismo no turno da noite, cinema, atividades na comunidade escolar, entre outras a\u00e7\u00f5es. Al\u00e9m disso, ser\u00e1 intensificado o acolhimento de sa\u00fade mental, no terceiro turno da UBS auxiliadora. A Gerente da RAPS e psic\u00f3loga da FUMSSAR, Fl\u00e1via Albuquerque, destaca a import\u00e2ncia da campanha do Junho Branco, \u201cO grande objetivo \u00e9 chamar a aten\u00e7\u00e3o da popula\u00e7\u00e3o e dos pacientes para os riscos do uso abusivo de \u00e1lcool e outras drogas, mas tamb\u00e9m fazer esse trabalho de promo\u00e7\u00e3o da sa\u00fade e valoriza\u00e7\u00e3o da vida saud\u00e1vel\u201d.<\/p>\n\n\n\n<p>Em Santa Rosa, o CAPS AD Movimento (Centro de Aten\u00e7\u00e3o Psicossocial \u00c1lcool e outras drogas) \u00e9 um servi\u00e7o especializado em sa\u00fade mental e depend\u00eancia qu\u00edmica, que atende pessoas com problemas decorrentes do uso ou abuso de \u00e1lcool e\/ou outras drogas, visando a reabilita\u00e7\u00e3o e reinser\u00e7\u00e3o na sociedade. No local, s\u00e3o realizadas oficinas terap\u00eauticas, oficinas expressivas, grupos de psicoterapia, express\u00e3o corporal, grupos de m\u00fasica, grupos de atividade f\u00edsica e atendimentos individuais com equipe multiprofissional. O servi\u00e7o funciona em parceria com toda a rede de sa\u00fade e rede intersetorial (escolas, conselho tutelar, minist\u00e9rio p\u00fablico, poder judici\u00e1rio, assist\u00eancia socia e brigada militar), de modo a realizar interven\u00e7\u00f5es que promovam a preven\u00e7\u00e3o e o cuidado em rede.<\/p>\n","protected":false},"excerpt":{"rendered":"<p>Junho \u00e9 o m\u00eas dedicado \u00e0 preven\u00e7\u00e3o ao uso de drogas. A Rede de Aten\u00e7\u00e3o&#8230;<\/p>\n","protected":false},"author":36,"featured_media":27212,"comment_status":"closed","ping_status":"closed","sticky":false,"template":"","format":"standard","meta":{"footnotes":""},"categories":[2],"tags":[],"_links":{"self":[{"href":"https:\/\/www.fumssar.com.br\/index.php?rest_route=\/wp\/v2\/posts\/27210"}],"collection":[{"href":"https:\/\/www.fumssar.com.br\/index.php?rest_route=\/wp\/v2\/posts"}],"about":[{"href":"https:\/\/www.fumssar.com.br\/index.php?rest_route=\/wp\/v2\/types\/post"}],"author":[{"embeddable":true,"href":"https:\/\/www.fumssar.com.br\/index.php?rest_route=\/wp\/v2\/users\/36"}],"replies":[{"embeddable":true,"href":"https:\/\/www.fumssar.com.br\/index.php?rest_route=%2Fwp%2Fv2%2Fcomments&post=27210"}],"version-history":[{"count":1,"href":"https:\/\/www.fumssar.com.br\/index.php?rest_route=\/wp\/v2\/posts\/27210\/revisions"}],"predecessor-version":[{"id":27213,"href":"https:\/\/www.fumssar.com.br\/index.php?rest_route=\/wp\/v2\/posts\/27210\/revisions\/27213"}],"wp:featuredmedia":[{"embeddable":true,"href":"https:\/\/www.fumssar.com.br\/index.php?rest_route=\/wp\/v2\/media\/27212"}],"wp:attachment":[{"href":"https:\/\/www.fumssar.com.br\/index.php?rest_route=%2Fwp%2Fv2%2Fmedia&parent=27210"}],"wp:term":[{"taxonomy":"category","embeddable":true,"href":"https:\/\/www.fumssar.com.br\/index.php?rest_route=%2Fwp%2Fv2%2Fcategories&post=27210"},{"taxonomy":"post_tag","embeddable":true,"href":"https:\/\/www.fumssar.com.br\/index.php?rest_route=%2Fwp%2Fv2%2Ftags&post=27210"}],"curies":[{"name":"wp","href":"https:\/\/api.w.org\/{rel}","templated":true}]}}