{"id":27088,"date":"2024-05-27T15:46:55","date_gmt":"2024-05-27T18:46:55","guid":{"rendered":"https:\/\/www.fumssar.com.br\/?p=27088"},"modified":"2024-10-07T16:29:48","modified_gmt":"2024-10-07T19:29:48","slug":"dengue-ambulatorio-da-unidade-dom-bosco-sera-desativado","status":"publish","type":"post","link":"https:\/\/www.fumssar.com.br\/?p=27088","title":{"rendered":"Dengue: Ambulat\u00f3rio da Unidade Dom Bosco ser\u00e1 desativado"},"content":{"rendered":"\n<figure class=\"wp-block-image size-full\"><a href=\"https:\/\/www.fumssar.com.br\/wp-content\/uploads\/2024\/05\/Formato-Site-e-Portal-860X645-JPG-2024-05-27T154451.076.jpg\"><img loading=\"lazy\" decoding=\"async\" width=\"860\" height=\"645\" src=\"https:\/\/www.fumssar.com.br\/wp-content\/uploads\/2024\/05\/Formato-Site-e-Portal-860X645-JPG-2024-05-27T154451.076.jpg\" alt=\"\" class=\"wp-image-27089\" srcset=\"https:\/\/www.fumssar.com.br\/wp-content\/uploads\/2024\/05\/Formato-Site-e-Portal-860X645-JPG-2024-05-27T154451.076.jpg 860w, https:\/\/www.fumssar.com.br\/wp-content\/uploads\/2024\/05\/Formato-Site-e-Portal-860X645-JPG-2024-05-27T154451.076-300x225.jpg 300w, https:\/\/www.fumssar.com.br\/wp-content\/uploads\/2024\/05\/Formato-Site-e-Portal-860X645-JPG-2024-05-27T154451.076-768x576.jpg 768w\" sizes=\"(max-width: 860px) 100vw, 860px\" \/><\/a><\/figure>\n\n\n\n<p>Com a diminui\u00e7\u00e3o de novos casos de dengue no munic\u00edpio, o Hospital Vida &amp; Sa\u00fade e a Prefeitura Municipal de Santa Rosa, atrav\u00e9s da Funda\u00e7\u00e3o Municipal de Sa\u00fade (FUMSSAR), informam que o Ambulat\u00f3rio montado para atendimento exclusivo de casos de dengue ser\u00e1 desativado na Unidade Dom Bosco.<\/p>\n\n\n\n<p>O Ambulat\u00f3rio permanecer\u00e1 em funcionamento at\u00e9 a madrugada desta ter\u00e7a-feira (28). A partir das 07h, os atendimentos de casos de dengue voltam a ser concentrados, prioritariamente, nas Unidades B\u00e1sicas de Sa\u00fade do munic\u00edpio. Casos de maior gravidade ser\u00e3o atendidos na Unidade de Pronto Atendimento (UPA).<\/p>\n\n\n\n<p>Em funcionamento desde o dia 29 de mar\u00e7o, o Ambulat\u00f3rio promoveu atendimento 24h, para pacientes do Sistema \u00danico de Sa\u00fade (SUS). Neste per\u00edodo, foram realizados mais de 5.300 atendimentos, sendo um importante servi\u00e7o para o acolhimento de pacientes, integrado com a linha de cuidado com as unidades b\u00e1sicas de sa\u00fade e a UPA.<\/p>\n","protected":false},"excerpt":{"rendered":"<p>Com a diminui\u00e7\u00e3o de novos casos de dengue no munic\u00edpio, o Hospital Vida &amp; Sa\u00fade&#8230;<\/p>\n","protected":false},"author":36,"featured_media":27090,"comment_status":"closed","ping_status":"closed","sticky":false,"template":"","format":"standard","meta":{"footnotes":""},"categories":[2],"tags":[],"_links":{"self":[{"href":"https:\/\/www.fumssar.com.br\/index.php?rest_route=\/wp\/v2\/posts\/27088"}],"collection":[{"href":"https:\/\/www.fumssar.com.br\/index.php?rest_route=\/wp\/v2\/posts"}],"about":[{"href":"https:\/\/www.fumssar.com.br\/index.php?rest_route=\/wp\/v2\/types\/post"}],"author":[{"embeddable":true,"href":"https:\/\/www.fumssar.com.br\/index.php?rest_route=\/wp\/v2\/users\/36"}],"replies":[{"embeddable":true,"href":"https:\/\/www.fumssar.com.br\/index.php?rest_route=%2Fwp%2Fv2%2Fcomments&post=27088"}],"version-history":[{"count":1,"href":"https:\/\/www.fumssar.com.br\/index.php?rest_route=\/wp\/v2\/posts\/27088\/revisions"}],"predecessor-version":[{"id":27091,"href":"https:\/\/www.fumssar.com.br\/index.php?rest_route=\/wp\/v2\/posts\/27088\/revisions\/27091"}],"wp:featuredmedia":[{"embeddable":true,"href":"https:\/\/www.fumssar.com.br\/index.php?rest_route=\/wp\/v2\/media\/27090"}],"wp:attachment":[{"href":"https:\/\/www.fumssar.com.br\/index.php?rest_route=%2Fwp%2Fv2%2Fmedia&parent=27088"}],"wp:term":[{"taxonomy":"category","embeddable":true,"href":"https:\/\/www.fumssar.com.br\/index.php?rest_route=%2Fwp%2Fv2%2Fcategories&post=27088"},{"taxonomy":"post_tag","embeddable":true,"href":"https:\/\/www.fumssar.com.br\/index.php?rest_route=%2Fwp%2Fv2%2Ftags&post=27088"}],"curies":[{"name":"wp","href":"https:\/\/api.w.org\/{rel}","templated":true}]}}