{"id":27084,"date":"2024-05-27T13:48:42","date_gmt":"2024-05-27T16:48:42","guid":{"rendered":"https:\/\/www.fumssar.com.br\/?p=27084"},"modified":"2024-10-07T16:29:48","modified_gmt":"2024-10-07T19:29:48","slug":"dia-d-de-multivacinacao-teve-baixa-procura","status":"publish","type":"post","link":"https:\/\/www.fumssar.com.br\/?p=27084","title":{"rendered":"Dia D de Multivacina\u00e7\u00e3o teve baixa procura"},"content":{"rendered":"\n<figure class=\"wp-block-image size-full\"><a href=\"https:\/\/www.fumssar.com.br\/wp-content\/uploads\/2024\/05\/Formato-Site-e-Portal-860X645-JPG-2024-05-27T134301.699.jpg\"><img loading=\"lazy\" decoding=\"async\" width=\"860\" height=\"645\" src=\"https:\/\/www.fumssar.com.br\/wp-content\/uploads\/2024\/05\/Formato-Site-e-Portal-860X645-JPG-2024-05-27T134301.699.jpg\" alt=\"\" class=\"wp-image-27085\" srcset=\"https:\/\/www.fumssar.com.br\/wp-content\/uploads\/2024\/05\/Formato-Site-e-Portal-860X645-JPG-2024-05-27T134301.699.jpg 860w, https:\/\/www.fumssar.com.br\/wp-content\/uploads\/2024\/05\/Formato-Site-e-Portal-860X645-JPG-2024-05-27T134301.699-300x225.jpg 300w, https:\/\/www.fumssar.com.br\/wp-content\/uploads\/2024\/05\/Formato-Site-e-Portal-860X645-JPG-2024-05-27T134301.699-768x576.jpg 768w\" sizes=\"(max-width: 860px) 100vw, 860px\" \/><\/a><\/figure>\n\n\n\n<p>As equipes que atuam nas Unidades B\u00e1sicas de Sa\u00fade da FUMSSAR, realizaram no \u00faltimo s\u00e1bado (25), o Dia D de Multivacina\u00e7\u00e3o. Cerca de 1.800 doses foram aplicadas em Santa Rosa, sendo 1.426 contra a Influenza (Gripe) e 366 de outras vacinas do Calend\u00e1rio Vacinal que estavam em atraso. O atendimento aconteceu das 08h \u00e0s 12h para todas as faixas et\u00e1rias. Mesmo com mais de mil vacinas realizadas, Santa Rosa ainda est\u00e1 com a imuniza\u00e7\u00e3o contra a gripe abaixo do esperado.<\/p>\n\n\n\n<p>O Dia D foi uma a\u00e7\u00e3o estrat\u00e9gica para proporcionar um atendimento em hor\u00e1rio diferenciado para a popula\u00e7\u00e3o. O Presidente da FUMSSAR, D\u00e9lcio Stefan, alerta para a import\u00e2ncia da imuniza\u00e7\u00e3o, \u201cEstamos nos aproximando da chegada do inverno, per\u00edodo em que ocorre um aumento das doen\u00e7as respirat\u00f3rias como: rinite, sinusite, gripes e resfriados. \u00c9 importante destacar mais uma vez, o papel que a vacina\u00e7\u00e3o tem de prevenir essas doen\u00e7as, evitando complica\u00e7\u00f5es e interna\u00e7\u00f5es hospitalares\u201d.<\/p>\n\n\n\n<p>Desde o dia 08\/05, a vacina\u00e7\u00e3o contra gripe foi liberada para toda a popula\u00e7\u00e3o, a partir dos 6 meses de idade. A campanha vai at\u00e9 o dia 31\/05. A imuniza\u00e7\u00e3o pode ser realizada em todas as UBSs no per\u00edodo da tarde, das 13h30min \u00e0s 17h.<\/p>\n","protected":false},"excerpt":{"rendered":"<p>As equipes que atuam nas Unidades B\u00e1sicas de Sa\u00fade da FUMSSAR, realizaram no \u00faltimo s\u00e1bado&#8230;<\/p>\n","protected":false},"author":36,"featured_media":27086,"comment_status":"closed","ping_status":"closed","sticky":false,"template":"","format":"standard","meta":{"footnotes":""},"categories":[2],"tags":[],"_links":{"self":[{"href":"https:\/\/www.fumssar.com.br\/index.php?rest_route=\/wp\/v2\/posts\/27084"}],"collection":[{"href":"https:\/\/www.fumssar.com.br\/index.php?rest_route=\/wp\/v2\/posts"}],"about":[{"href":"https:\/\/www.fumssar.com.br\/index.php?rest_route=\/wp\/v2\/types\/post"}],"author":[{"embeddable":true,"href":"https:\/\/www.fumssar.com.br\/index.php?rest_route=\/wp\/v2\/users\/36"}],"replies":[{"embeddable":true,"href":"https:\/\/www.fumssar.com.br\/index.php?rest_route=%2Fwp%2Fv2%2Fcomments&post=27084"}],"version-history":[{"count":1,"href":"https:\/\/www.fumssar.com.br\/index.php?rest_route=\/wp\/v2\/posts\/27084\/revisions"}],"predecessor-version":[{"id":27087,"href":"https:\/\/www.fumssar.com.br\/index.php?rest_route=\/wp\/v2\/posts\/27084\/revisions\/27087"}],"wp:featuredmedia":[{"embeddable":true,"href":"https:\/\/www.fumssar.com.br\/index.php?rest_route=\/wp\/v2\/media\/27086"}],"wp:attachment":[{"href":"https:\/\/www.fumssar.com.br\/index.php?rest_route=%2Fwp%2Fv2%2Fmedia&parent=27084"}],"wp:term":[{"taxonomy":"category","embeddable":true,"href":"https:\/\/www.fumssar.com.br\/index.php?rest_route=%2Fwp%2Fv2%2Fcategories&post=27084"},{"taxonomy":"post_tag","embeddable":true,"href":"https:\/\/www.fumssar.com.br\/index.php?rest_route=%2Fwp%2Fv2%2Ftags&post=27084"}],"curies":[{"name":"wp","href":"https:\/\/api.w.org\/{rel}","templated":true}]}}