{"id":26953,"date":"2024-05-15T16:16:49","date_gmt":"2024-05-15T19:16:49","guid":{"rendered":"https:\/\/www.fumssar.com.br\/?p=26953"},"modified":"2024-10-07T16:29:48","modified_gmt":"2024-10-07T19:29:48","slug":"acoes-do-programa-saude-na-escola-sao-realizadas-pela-fumssar","status":"publish","type":"post","link":"https:\/\/www.fumssar.com.br\/?p=26953","title":{"rendered":"A\u00e7\u00f5es do Programa Sa\u00fade na Escola s\u00e3o realizadas pela FUMSSAR"},"content":{"rendered":"\n<figure class=\"wp-block-image size-full\"><a href=\"https:\/\/www.fumssar.com.br\/wp-content\/uploads\/2024\/05\/Formato-Site-e-Portal-860X645-JPG-2024-05-15T153338.030.jpg\"><img loading=\"lazy\" decoding=\"async\" width=\"860\" height=\"645\" src=\"https:\/\/www.fumssar.com.br\/wp-content\/uploads\/2024\/05\/Formato-Site-e-Portal-860X645-JPG-2024-05-15T153338.030.jpg\" alt=\"\" class=\"wp-image-26954\" srcset=\"https:\/\/www.fumssar.com.br\/wp-content\/uploads\/2024\/05\/Formato-Site-e-Portal-860X645-JPG-2024-05-15T153338.030.jpg 860w, https:\/\/www.fumssar.com.br\/wp-content\/uploads\/2024\/05\/Formato-Site-e-Portal-860X645-JPG-2024-05-15T153338.030-300x225.jpg 300w, https:\/\/www.fumssar.com.br\/wp-content\/uploads\/2024\/05\/Formato-Site-e-Portal-860X645-JPG-2024-05-15T153338.030-768x576.jpg 768w\" sizes=\"(max-width: 860px) 100vw, 860px\" \/><\/a><\/figure>\n\n\n\n<p>Alimenta\u00e7\u00e3o saud\u00e1vel, higiene bucal e sa\u00fade ocular s\u00e3o alguns dos temas tratados nas escolas da Rede Municipal de Ensino. A equipe multiprofissional da UBS J\u00falio de Oliveira, composta por: enfermeiro, psic\u00f3logo, nutricionista, dentista, auxiliar de sa\u00fade bucal, educador f\u00edsico e farmac\u00eautico, esteve esta semana na EMEF Pedro Speroni, onde foram realizadas diversas atividades. A a\u00e7\u00e3o faz parte do Programa Sa\u00fade na Escola \u2013 PSE, promovido pela Funda\u00e7\u00e3o de Sa\u00fade de Santa Rosa.<\/p>\n\n\n\n<p>Na oportunidade, os estudantes receberam dicas de cuidados com a higiene pessoal que representam um conjunto de h\u00e1bitos para cuidar da sa\u00fade, al\u00e9m de evitar e prevenir doen\u00e7as. A Coordenadora da UBS J\u00falio de Oliveira, Lenita Dalcin, ressaltou a import\u00e2ncia da parceria UBS e escola, na promo\u00e7\u00e3o de sa\u00fade dos alunos, \u201cEssas a\u00e7\u00f5es refor\u00e7am os cuidados que j\u00e1 abordamos na UBS e contribuem para o desenvolvimento integral das crian\u00e7as e adolescentes\u201d.<\/p>\n\n\n\n<p>Os profissionais realizaram avalia\u00e7\u00e3o antropom\u00e9trica com os estudantes (pesagem e medi\u00e7\u00e3o da estatura), para posteriormente, fazer uma avalia\u00e7\u00e3o nutricional. Uma palestra tamb\u00e9m foi realizada sobre higiene bucal, com dicas para prevenir a c\u00e1rie, formas de escova\u00e7\u00e3o e uso correto do fio dental. Al\u00e9m disso, os alunos passaram por um exame individual e os casos em que havia necessidade de uma interven\u00e7\u00e3o odontol\u00f3gica, foram encaminhados para o posto de sa\u00fade. Outra importante avalia\u00e7\u00e3o foi o exame ocular, a fim de analisar a sa\u00fade dos olhos atrav\u00e9s do teste de acuidade visual. Os jovens que apresentaram alguma altera\u00e7\u00e3o, foram encaminhados para o m\u00e9dico especialista, o oftalmologista, para uma consulta.<\/p>\n","protected":false},"excerpt":{"rendered":"<p>Alimenta\u00e7\u00e3o saud\u00e1vel, higiene bucal e sa\u00fade ocular s\u00e3o alguns dos temas tratados nas escolas da&#8230;<\/p>\n","protected":false},"author":36,"featured_media":26955,"comment_status":"closed","ping_status":"closed","sticky":false,"template":"","format":"standard","meta":{"footnotes":""},"categories":[2],"tags":[],"_links":{"self":[{"href":"https:\/\/www.fumssar.com.br\/index.php?rest_route=\/wp\/v2\/posts\/26953"}],"collection":[{"href":"https:\/\/www.fumssar.com.br\/index.php?rest_route=\/wp\/v2\/posts"}],"about":[{"href":"https:\/\/www.fumssar.com.br\/index.php?rest_route=\/wp\/v2\/types\/post"}],"author":[{"embeddable":true,"href":"https:\/\/www.fumssar.com.br\/index.php?rest_route=\/wp\/v2\/users\/36"}],"replies":[{"embeddable":true,"href":"https:\/\/www.fumssar.com.br\/index.php?rest_route=%2Fwp%2Fv2%2Fcomments&post=26953"}],"version-history":[{"count":1,"href":"https:\/\/www.fumssar.com.br\/index.php?rest_route=\/wp\/v2\/posts\/26953\/revisions"}],"predecessor-version":[{"id":26956,"href":"https:\/\/www.fumssar.com.br\/index.php?rest_route=\/wp\/v2\/posts\/26953\/revisions\/26956"}],"wp:featuredmedia":[{"embeddable":true,"href":"https:\/\/www.fumssar.com.br\/index.php?rest_route=\/wp\/v2\/media\/26955"}],"wp:attachment":[{"href":"https:\/\/www.fumssar.com.br\/index.php?rest_route=%2Fwp%2Fv2%2Fmedia&parent=26953"}],"wp:term":[{"taxonomy":"category","embeddable":true,"href":"https:\/\/www.fumssar.com.br\/index.php?rest_route=%2Fwp%2Fv2%2Fcategories&post=26953"},{"taxonomy":"post_tag","embeddable":true,"href":"https:\/\/www.fumssar.com.br\/index.php?rest_route=%2Fwp%2Fv2%2Ftags&post=26953"}],"curies":[{"name":"wp","href":"https:\/\/api.w.org\/{rel}","templated":true}]}}