{"id":26919,"date":"2024-05-09T16:52:58","date_gmt":"2024-05-09T19:52:58","guid":{"rendered":"http:\/\/www.fumssar.com.br\/?p=26919"},"modified":"2024-10-07T16:29:48","modified_gmt":"2024-10-07T19:29:48","slug":"academica-da-ufsm-realiza-estagio-de-nutricao-na-fumssar","status":"publish","type":"post","link":"https:\/\/www.fumssar.com.br\/?p=26919","title":{"rendered":"Acad\u00eamica da UFSM realiza est\u00e1gio de Nutri\u00e7\u00e3o na FUMSSAR"},"content":{"rendered":"\n<figure class=\"wp-block-image\"><img loading=\"lazy\" decoding=\"async\" width=\"860\" height=\"645\" src=\"https:\/\/www.fumssar.com.br\/wp-content\/uploads\/2024\/05\/Formato-Site-e-Portal-860X645-JPG-2024-05-09T165158.260.jpg\" alt=\"\" class=\"wp-image-26920\" srcset=\"https:\/\/www.fumssar.com.br\/wp-content\/uploads\/2024\/05\/Formato-Site-e-Portal-860X645-JPG-2024-05-09T165158.260.jpg 860w, https:\/\/www.fumssar.com.br\/wp-content\/uploads\/2024\/05\/Formato-Site-e-Portal-860X645-JPG-2024-05-09T165158.260-300x225.jpg 300w, https:\/\/www.fumssar.com.br\/wp-content\/uploads\/2024\/05\/Formato-Site-e-Portal-860X645-JPG-2024-05-09T165158.260-768x576.jpg 768w\" sizes=\"(max-width: 860px) 100vw, 860px\" \/><\/figure>\n\n\n\n<p>A\nacad\u00eamica Stefany Bellendier Butzen, do curso de Nutri\u00e7\u00e3o da Universidade\nFederal de Santa Maria (UFSM) \u2013 Campus Palmeira das Miss\u00f5es, realiza atualmente\nest\u00e1gio na Funda\u00e7\u00e3o Municipal de Sa\u00fade de Santa Rosa, supervisionado pela nutricionista\nda FUMSSAR, Sabrina Estelle Dullius e orientado pela Professora Dr\u00aa. Greisse\nViero da Silva Leal, da UFSM.<\/p>\n\n\n\n<p>Em\nparceria com a Unidade B\u00e1sica de Sa\u00fade da Guia Lopes, a acad\u00eamica realizou uma\natividade no grupo de Gestantes, no m\u00eas de abril. A atividade abordou o tema da\nimport\u00e2ncia da amamenta\u00e7\u00e3o, com o objetivo de demonstrar os benef\u00edcios do\naleitamento materno exclusivo para o rec\u00e9m-nascido e tamb\u00e9m para as futuras\nmam\u00e3es. <\/p>\n\n\n\n<p>A\natividade tamb\u00e9m contou com a presen\u00e7a da enfermeira da unidade, Taciana e as\nduas estagi\u00e1rias.<\/p>\n","protected":false},"excerpt":{"rendered":"<p>A acad\u00eamica Stefany Bellendier Butzen, do curso de Nutri\u00e7\u00e3o da Universidade Federal de Santa Maria&#8230;<\/p>\n","protected":false},"author":36,"featured_media":26921,"comment_status":"closed","ping_status":"closed","sticky":false,"template":"","format":"standard","meta":{"footnotes":""},"categories":[2],"tags":[],"_links":{"self":[{"href":"https:\/\/www.fumssar.com.br\/index.php?rest_route=\/wp\/v2\/posts\/26919"}],"collection":[{"href":"https:\/\/www.fumssar.com.br\/index.php?rest_route=\/wp\/v2\/posts"}],"about":[{"href":"https:\/\/www.fumssar.com.br\/index.php?rest_route=\/wp\/v2\/types\/post"}],"author":[{"embeddable":true,"href":"https:\/\/www.fumssar.com.br\/index.php?rest_route=\/wp\/v2\/users\/36"}],"replies":[{"embeddable":true,"href":"https:\/\/www.fumssar.com.br\/index.php?rest_route=%2Fwp%2Fv2%2Fcomments&post=26919"}],"version-history":[{"count":1,"href":"https:\/\/www.fumssar.com.br\/index.php?rest_route=\/wp\/v2\/posts\/26919\/revisions"}],"predecessor-version":[{"id":26922,"href":"https:\/\/www.fumssar.com.br\/index.php?rest_route=\/wp\/v2\/posts\/26919\/revisions\/26922"}],"wp:featuredmedia":[{"embeddable":true,"href":"https:\/\/www.fumssar.com.br\/index.php?rest_route=\/wp\/v2\/media\/26921"}],"wp:attachment":[{"href":"https:\/\/www.fumssar.com.br\/index.php?rest_route=%2Fwp%2Fv2%2Fmedia&parent=26919"}],"wp:term":[{"taxonomy":"category","embeddable":true,"href":"https:\/\/www.fumssar.com.br\/index.php?rest_route=%2Fwp%2Fv2%2Fcategories&post=26919"},{"taxonomy":"post_tag","embeddable":true,"href":"https:\/\/www.fumssar.com.br\/index.php?rest_route=%2Fwp%2Fv2%2Ftags&post=26919"}],"curies":[{"name":"wp","href":"https:\/\/api.w.org\/{rel}","templated":true}]}}