{"id":26910,"date":"2024-05-08T11:16:43","date_gmt":"2024-05-08T14:16:43","guid":{"rendered":"http:\/\/www.fumssar.com.br\/?p=26910"},"modified":"2024-10-07T16:29:49","modified_gmt":"2024-10-07T19:29:49","slug":"santa-rosa-amplia-vacinacao-contra-a-gripe-para-toda-a-populacao-a-partir-dos-6-meses","status":"publish","type":"post","link":"https:\/\/www.fumssar.com.br\/?p=26910","title":{"rendered":"Santa Rosa amplia vacina\u00e7\u00e3o contra a gripe para toda a popula\u00e7\u00e3o a partir dos 6 meses"},"content":{"rendered":"\n<figure class=\"wp-block-image\"><img loading=\"lazy\" decoding=\"async\" width=\"860\" height=\"645\" src=\"https:\/\/www.fumssar.com.br\/wp-content\/uploads\/2024\/05\/Formato-Site-e-Portal-860X645-JPG-2024-05-07T170139.651.jpg\" alt=\"\" class=\"wp-image-26911\" srcset=\"https:\/\/www.fumssar.com.br\/wp-content\/uploads\/2024\/05\/Formato-Site-e-Portal-860X645-JPG-2024-05-07T170139.651.jpg 860w, https:\/\/www.fumssar.com.br\/wp-content\/uploads\/2024\/05\/Formato-Site-e-Portal-860X645-JPG-2024-05-07T170139.651-300x225.jpg 300w, https:\/\/www.fumssar.com.br\/wp-content\/uploads\/2024\/05\/Formato-Site-e-Portal-860X645-JPG-2024-05-07T170139.651-768x576.jpg 768w\" sizes=\"(max-width: 860px) 100vw, 860px\" \/><\/figure>\n\n\n\n<p>A\nFunda\u00e7\u00e3o Municipal de Sa\u00fade de Santa Rosa ampliou o p\u00fablico que pode receber a\nvacina contra a gripe. Seguindo as orienta\u00e7\u00f5es do Minist\u00e9rio da Sa\u00fade, agora\ntoda a popula\u00e7\u00e3o, a partir dos 6 meses de idade, pode ser imunizada. As doses\nest\u00e3o dispon\u00edveis em todas as Unidades B\u00e1sicas de Sa\u00fade, no turno da tarde, das\n13h30min \u00e0s 17h. A campanha vai at\u00e9 o dia 31\/05.<\/p>\n\n\n\n<p>Atualmente,\nj\u00e1 foram aplicadas mais de 10 mil doses da vacina contra a gripe nos grupos\npriorit\u00e1rios que haviam sido convocados anteriormente. A Diretora da Aten\u00e7\u00e3o\nPrim\u00e1ria \u00e0 Sa\u00fade, Dra. Fabiana Breitenbach, destaca que Santa Rosa atingiu at\u00e9\no momento, 34,69% do p\u00fablico alvo (gestantes, pu\u00e9rperas, idosos e crian\u00e7as de 6\nmeses a 6 anos incompletos) e ressalta a import\u00e2ncia da imuniza\u00e7\u00e3o, \u201cEsta \u00e9 uma\noportunidade que toda a popula\u00e7\u00e3o tem de se proteger contra a gripe. Refor\u00e7amos\na import\u00e2ncia da vacina\u00e7\u00e3o, principalmente em crian\u00e7as e idosos que s\u00e3o mais\nsuscet\u00edveis a complica\u00e7\u00f5es da doen\u00e7a. O objetivo desta campanha \u00e9 reduzir as\ninterna\u00e7\u00f5es e a mortalidade decorrentes das infec\u00e7\u00f5es pelo v\u00edrus da influenza\u201d.\n<\/p>\n\n\n\n<p>As\ndoses ofertadas s\u00e3o trivalentes, ou seja, protegem contra influenza A (H1N1 e\nH3N2) e o influenza B. \u00c9 importante destacar que as doses dos grupos\npriorit\u00e1rios est\u00e3o mantidas e devem ser garantidas. Al\u00e9m disso, n\u00e3o h\u00e1\nimpedimento em receber, no mesmo dia, a vacina contra a gripe juntamente com\noutras vacinas. No momento da vacina\u00e7\u00e3o, \u00e9 indispens\u00e1vel que seja apresentado o\ndocumento de identifica\u00e7\u00e3o com foto, CPF e a caderneta de vacina\u00e7\u00e3o.<\/p>\n","protected":false},"excerpt":{"rendered":"<p>A Funda\u00e7\u00e3o Municipal de Sa\u00fade de Santa Rosa ampliou o p\u00fablico que pode receber a&#8230;<\/p>\n","protected":false},"author":36,"featured_media":26912,"comment_status":"closed","ping_status":"closed","sticky":false,"template":"","format":"standard","meta":{"footnotes":""},"categories":[2],"tags":[],"_links":{"self":[{"href":"https:\/\/www.fumssar.com.br\/index.php?rest_route=\/wp\/v2\/posts\/26910"}],"collection":[{"href":"https:\/\/www.fumssar.com.br\/index.php?rest_route=\/wp\/v2\/posts"}],"about":[{"href":"https:\/\/www.fumssar.com.br\/index.php?rest_route=\/wp\/v2\/types\/post"}],"author":[{"embeddable":true,"href":"https:\/\/www.fumssar.com.br\/index.php?rest_route=\/wp\/v2\/users\/36"}],"replies":[{"embeddable":true,"href":"https:\/\/www.fumssar.com.br\/index.php?rest_route=%2Fwp%2Fv2%2Fcomments&post=26910"}],"version-history":[{"count":1,"href":"https:\/\/www.fumssar.com.br\/index.php?rest_route=\/wp\/v2\/posts\/26910\/revisions"}],"predecessor-version":[{"id":26913,"href":"https:\/\/www.fumssar.com.br\/index.php?rest_route=\/wp\/v2\/posts\/26910\/revisions\/26913"}],"wp:featuredmedia":[{"embeddable":true,"href":"https:\/\/www.fumssar.com.br\/index.php?rest_route=\/wp\/v2\/media\/26912"}],"wp:attachment":[{"href":"https:\/\/www.fumssar.com.br\/index.php?rest_route=%2Fwp%2Fv2%2Fmedia&parent=26910"}],"wp:term":[{"taxonomy":"category","embeddable":true,"href":"https:\/\/www.fumssar.com.br\/index.php?rest_route=%2Fwp%2Fv2%2Fcategories&post=26910"},{"taxonomy":"post_tag","embeddable":true,"href":"https:\/\/www.fumssar.com.br\/index.php?rest_route=%2Fwp%2Fv2%2Ftags&post=26910"}],"curies":[{"name":"wp","href":"https:\/\/api.w.org\/{rel}","templated":true}]}}