{"id":26892,"date":"2024-05-03T16:38:22","date_gmt":"2024-05-03T19:38:22","guid":{"rendered":"http:\/\/www.fumssar.com.br\/?p=26892"},"modified":"2024-10-07T16:29:49","modified_gmt":"2024-10-07T19:29:49","slug":"fumssar-alerta-a-populacao-para-reforcar-os-cuidados-com-a-dengue","status":"publish","type":"post","link":"https:\/\/www.fumssar.com.br\/?p=26892","title":{"rendered":"FUMSSAR alerta a popula\u00e7\u00e3o para refor\u00e7ar os cuidados com a Dengue"},"content":{"rendered":"\n<figure class=\"wp-block-image\"><img loading=\"lazy\" decoding=\"async\" width=\"860\" height=\"645\" src=\"https:\/\/www.fumssar.com.br\/wp-content\/uploads\/2024\/05\/Formato-Site-e-Portal-860X645-JPG-2024-05-03T163442.069.jpg\" alt=\"\" class=\"wp-image-26893\" srcset=\"https:\/\/www.fumssar.com.br\/wp-content\/uploads\/2024\/05\/Formato-Site-e-Portal-860X645-JPG-2024-05-03T163442.069.jpg 860w, https:\/\/www.fumssar.com.br\/wp-content\/uploads\/2024\/05\/Formato-Site-e-Portal-860X645-JPG-2024-05-03T163442.069-300x225.jpg 300w, https:\/\/www.fumssar.com.br\/wp-content\/uploads\/2024\/05\/Formato-Site-e-Portal-860X645-JPG-2024-05-03T163442.069-768x576.jpg 768w\" sizes=\"(max-width: 860px) 100vw, 860px\" \/><\/figure>\n\n\n\n<p>A Funda\u00e7\u00e3o Municipal de Sa\u00fade de Santa Rosa divulgou nesta sexta-feira (03), o boletim atualizado da dengue. O munic\u00edpio est\u00e1 atualmente com 11.418 casos confirmados da doen\u00e7a. Ap\u00f3s um per\u00edodo de fortes chuvas em toda a cidade, as equipes alertam a popula\u00e7\u00e3o para que reforcem os cuidados e as medidas de preven\u00e7\u00e3o.<\/p>\n\n\n\n<p>Nas \u00faltimas 10 horas, o munic\u00edpio registrou mais de 230 mm de chuva e a previs\u00e3o para os pr\u00f3ximos dias \u00e9 de mais chuva e temperaturas elevadas. Um cen\u00e1rio favor\u00e1vel para o mosquito transmissor da dengue, o Aedes aegypti. Por causa do mau tempo, os agentes de endemias e demais equipes da Funda\u00e7\u00e3o de Sa\u00fade, n\u00e3o conseguiram realizar integralmente as a\u00e7\u00f5es de preven\u00e7\u00e3o nesta semana. O Presidente da FUMSSAR, D\u00e9lcio Stefan, destaca que com toda a \u00e1gua parada e o calor previsto, \u00e9 fundamental que a popula\u00e7\u00e3o fa\u00e7a sua parte, \u201c\u00c9 um momento de alerta para todos n\u00f3s. Precisamos da ajuda de toda a comunidade, para que adotem as medidas de preven\u00e7\u00e3o, limpem os p\u00e1tios regularmente e fa\u00e7am sua parte\u201d.<\/p>\n\n\n\n<p>Para diminuir os casos da doen\u00e7a, algumas medidas s\u00e3o essenciais, sendo a principal delas, n\u00e3o deixar \u00e1gua parada. Al\u00e9m disso, outras a\u00e7\u00f5es s\u00e3o importantes, como: cobrir as caixas d\u2019\u00e1gua, manter o lixo fechado, cuidar de piscinas e ralos dentro de casa, limpar as calhas e telhados, utilizar areia nos vasos de plantas e sempre deixar garrafas e outros recipientes de cabe\u00e7a para baixo. A FUMSSAR ainda orienta a popula\u00e7\u00e3o para que fa\u00e7a uso do repelente e refor\u00e7a, que caso sejam observados sintomas da doen\u00e7a, as pessoas procurem a Unidade B\u00e1sica de Sa\u00fade mais pr\u00f3xima. Al\u00e9m das UBSs, o atendimento tamb\u00e9m pode ser realizado no Ambulat\u00f3rio do Hospital Dom Bosco. O servi\u00e7o est\u00e1 dispon\u00edvel 24 horas por dia.<\/p>\n","protected":false},"excerpt":{"rendered":"<p>A Funda\u00e7\u00e3o Municipal de Sa\u00fade de Santa Rosa divulgou nesta sexta-feira (03), o boletim atualizado&#8230;<\/p>\n","protected":false},"author":36,"featured_media":26894,"comment_status":"closed","ping_status":"closed","sticky":false,"template":"","format":"standard","meta":{"footnotes":""},"categories":[2],"tags":[],"_links":{"self":[{"href":"https:\/\/www.fumssar.com.br\/index.php?rest_route=\/wp\/v2\/posts\/26892"}],"collection":[{"href":"https:\/\/www.fumssar.com.br\/index.php?rest_route=\/wp\/v2\/posts"}],"about":[{"href":"https:\/\/www.fumssar.com.br\/index.php?rest_route=\/wp\/v2\/types\/post"}],"author":[{"embeddable":true,"href":"https:\/\/www.fumssar.com.br\/index.php?rest_route=\/wp\/v2\/users\/36"}],"replies":[{"embeddable":true,"href":"https:\/\/www.fumssar.com.br\/index.php?rest_route=%2Fwp%2Fv2%2Fcomments&post=26892"}],"version-history":[{"count":1,"href":"https:\/\/www.fumssar.com.br\/index.php?rest_route=\/wp\/v2\/posts\/26892\/revisions"}],"predecessor-version":[{"id":26895,"href":"https:\/\/www.fumssar.com.br\/index.php?rest_route=\/wp\/v2\/posts\/26892\/revisions\/26895"}],"wp:featuredmedia":[{"embeddable":true,"href":"https:\/\/www.fumssar.com.br\/index.php?rest_route=\/wp\/v2\/media\/26894"}],"wp:attachment":[{"href":"https:\/\/www.fumssar.com.br\/index.php?rest_route=%2Fwp%2Fv2%2Fmedia&parent=26892"}],"wp:term":[{"taxonomy":"category","embeddable":true,"href":"https:\/\/www.fumssar.com.br\/index.php?rest_route=%2Fwp%2Fv2%2Fcategories&post=26892"},{"taxonomy":"post_tag","embeddable":true,"href":"https:\/\/www.fumssar.com.br\/index.php?rest_route=%2Fwp%2Fv2%2Ftags&post=26892"}],"curies":[{"name":"wp","href":"https:\/\/api.w.org\/{rel}","templated":true}]}}