{"id":26872,"date":"2024-04-29T17:16:15","date_gmt":"2024-04-29T20:16:15","guid":{"rendered":"http:\/\/www.fumssar.com.br\/?p=26872"},"modified":"2024-10-07T16:29:49","modified_gmt":"2024-10-07T19:29:49","slug":"acoes-de-combate-a-dengue-sao-realizadas-em-toda-a-cidade","status":"publish","type":"post","link":"https:\/\/www.fumssar.com.br\/?p=26872","title":{"rendered":"A\u00e7\u00f5es de combate \u00e0 dengue s\u00e3o realizadas em toda a cidade"},"content":{"rendered":"\n<figure class=\"wp-block-image\"><img loading=\"lazy\" decoding=\"async\" width=\"860\" height=\"645\" src=\"https:\/\/www.fumssar.com.br\/wp-content\/uploads\/2024\/04\/Formato-Site-e-Portal-860X645-JPG-2024-04-29T171326.254.jpg\" alt=\"\" class=\"wp-image-26873\" srcset=\"https:\/\/www.fumssar.com.br\/wp-content\/uploads\/2024\/04\/Formato-Site-e-Portal-860X645-JPG-2024-04-29T171326.254.jpg 860w, https:\/\/www.fumssar.com.br\/wp-content\/uploads\/2024\/04\/Formato-Site-e-Portal-860X645-JPG-2024-04-29T171326.254-300x225.jpg 300w, https:\/\/www.fumssar.com.br\/wp-content\/uploads\/2024\/04\/Formato-Site-e-Portal-860X645-JPG-2024-04-29T171326.254-768x576.jpg 768w\" sizes=\"(max-width: 860px) 100vw, 860px\" \/><\/figure>\n\n\n\n<p>A\nFunda\u00e7\u00e3o Municipal de Sa\u00fade est\u00e1 promovendo em toda a cidade, a\u00e7\u00f5es de\npreven\u00e7\u00e3o e combate \u00e0 dengue. No final de semana, os agentes de endemias\nrealizaram a aplica\u00e7\u00e3o de fumac\u00ea em regi\u00f5es com alto \u00edndice de infesta\u00e7\u00e3o. Al\u00e9m\ndisso, foram instaladas 100 ovitrampas (armadilhas para capturar os ovos do\nmosquito da dengue). Nesta segunda-feira (29), conforme boletim divulgado pela\nVigil\u00e2ncia Epidemiol\u00f3gica, Santa Rosa possui 11.017 casos confirmados da\ndoen\u00e7a. O Estado tamb\u00e9m confirmou mais 1 \u00f3bito, um homem de 40 anos que tinha\ncomorbidades.<\/p>\n\n\n\n<p>As\nmedidas de preven\u00e7\u00e3o continuam em toda a cidade. Est\u00e3o sendo realizadas visitas\ndomiciliares, aplica\u00e7\u00e3o de inseticidas em locais p\u00fablicos e divulga\u00e7\u00e3o nos\nbairros com dicas de como prevenir a doen\u00e7a. O Presidente da FUMSSAR, D\u00e9lcio\nStefan, refor\u00e7a o alerta, para que em caso de sintomas, as pessoas procurem o\natendimento na Unidade B\u00e1sica de Sa\u00fade mais pr\u00f3xima, \u201cNossas equipes est\u00e3o\npreparadas para atender os pacientes com dengue. \u00c9 importante que a popula\u00e7\u00e3o\ncontinue fazendo sua parte, limpando os p\u00e1tios regularmente, usando repelente,\nmas principalmente, n\u00e3o deixando \u00e1gua parada\u201d.<\/p>\n\n\n\n<p>Al\u00e9m\ndas UBSs, o atendimento tamb\u00e9m pode ser realizado no Ambulat\u00f3rio do Hospital\nDom Bosco. O servi\u00e7o est\u00e1 dispon\u00edvel 24 horas por dia.<\/p>\n","protected":false},"excerpt":{"rendered":"<p>A Funda\u00e7\u00e3o Municipal de Sa\u00fade est\u00e1 promovendo em toda a cidade, a\u00e7\u00f5es de preven\u00e7\u00e3o e&#8230;<\/p>\n","protected":false},"author":36,"featured_media":26874,"comment_status":"closed","ping_status":"closed","sticky":false,"template":"","format":"standard","meta":{"footnotes":""},"categories":[2],"tags":[],"_links":{"self":[{"href":"https:\/\/www.fumssar.com.br\/index.php?rest_route=\/wp\/v2\/posts\/26872"}],"collection":[{"href":"https:\/\/www.fumssar.com.br\/index.php?rest_route=\/wp\/v2\/posts"}],"about":[{"href":"https:\/\/www.fumssar.com.br\/index.php?rest_route=\/wp\/v2\/types\/post"}],"author":[{"embeddable":true,"href":"https:\/\/www.fumssar.com.br\/index.php?rest_route=\/wp\/v2\/users\/36"}],"replies":[{"embeddable":true,"href":"https:\/\/www.fumssar.com.br\/index.php?rest_route=%2Fwp%2Fv2%2Fcomments&post=26872"}],"version-history":[{"count":1,"href":"https:\/\/www.fumssar.com.br\/index.php?rest_route=\/wp\/v2\/posts\/26872\/revisions"}],"predecessor-version":[{"id":26875,"href":"https:\/\/www.fumssar.com.br\/index.php?rest_route=\/wp\/v2\/posts\/26872\/revisions\/26875"}],"wp:featuredmedia":[{"embeddable":true,"href":"https:\/\/www.fumssar.com.br\/index.php?rest_route=\/wp\/v2\/media\/26874"}],"wp:attachment":[{"href":"https:\/\/www.fumssar.com.br\/index.php?rest_route=%2Fwp%2Fv2%2Fmedia&parent=26872"}],"wp:term":[{"taxonomy":"category","embeddable":true,"href":"https:\/\/www.fumssar.com.br\/index.php?rest_route=%2Fwp%2Fv2%2Fcategories&post=26872"},{"taxonomy":"post_tag","embeddable":true,"href":"https:\/\/www.fumssar.com.br\/index.php?rest_route=%2Fwp%2Fv2%2Ftags&post=26872"}],"curies":[{"name":"wp","href":"https:\/\/api.w.org\/{rel}","templated":true}]}}