{"id":26850,"date":"2024-04-26T10:43:28","date_gmt":"2024-04-26T13:43:28","guid":{"rendered":"http:\/\/www.fumssar.com.br\/?p=26850"},"modified":"2024-10-07T16:29:49","modified_gmt":"2024-10-07T19:29:49","slug":"vacinacao-contra-a-gripe-esta-disponivel-todas-as-tardes-nas-ubss","status":"publish","type":"post","link":"https:\/\/www.fumssar.com.br\/?p=26850","title":{"rendered":"Vacina\u00e7\u00e3o contra a gripe est\u00e1 dispon\u00edvel todas as tardes nas UBSs"},"content":{"rendered":"\n<p><em>Podem se vacinar os grupos priorit\u00e1rios elencados pelo Minist\u00e9rio da Sa\u00fade<\/em><\/p>\n\n\n\n<figure class=\"wp-block-image\"><img loading=\"lazy\" decoding=\"async\" width=\"860\" height=\"645\" src=\"https:\/\/www.fumssar.com.br\/wp-content\/uploads\/2024\/04\/Formato-Site-e-Portal-860X645-JPG-2024-04-26T092728.273.jpg\" alt=\"\" class=\"wp-image-26851\" srcset=\"https:\/\/www.fumssar.com.br\/wp-content\/uploads\/2024\/04\/Formato-Site-e-Portal-860X645-JPG-2024-04-26T092728.273.jpg 860w, https:\/\/www.fumssar.com.br\/wp-content\/uploads\/2024\/04\/Formato-Site-e-Portal-860X645-JPG-2024-04-26T092728.273-300x225.jpg 300w, https:\/\/www.fumssar.com.br\/wp-content\/uploads\/2024\/04\/Formato-Site-e-Portal-860X645-JPG-2024-04-26T092728.273-768x576.jpg 768w\" sizes=\"(max-width: 860px) 100vw, 860px\" \/><\/figure>\n\n\n\n<p>A\nFunda\u00e7\u00e3o Municipal de Sa\u00fade de Santa Rosa informa a popula\u00e7\u00e3o que a imuniza\u00e7\u00e3o\ncontra o v\u00edrus influenza (gripe), est\u00e1 dispon\u00edvel, todas as tardes, nas UBSs. A\ncampanha nacional vai at\u00e9 o dia 31\/05. Podem se vacinar os grupos priorit\u00e1rios\nelencados pelo Minist\u00e9rio da Sa\u00fade. A imuniza\u00e7\u00e3o acontece de segunda a\nsexta-feira, das 13h30min \u00e0s 17h. Ao todo, desde que iniciou a campanha, j\u00e1\nforam realizadas 9.352 doses da vacina.<\/p>\n\n\n\n<p>As\ndoses ofertadas s\u00e3o trivalentes, ou seja, protegem contra influenza A (H1N1 e\nH3N2) e o influenza B. A Diretora da Aten\u00e7\u00e3o B\u00e1sica da FUMSSAR, Dra. Fabiana\nBreitenbach, informa que at\u00e9 o momento, apenas 32% do p\u00fablico-alvo procurou uma\nUBS para fazer a vacina e destaca a import\u00e2ncia da imuniza\u00e7\u00e3o, \u201cCom a chegada\ndo outono e do inverno, ocorre um aumento das doen\u00e7as respirat\u00f3rias como:\nrinite, sinusite, gripes e resfriados. A vacina\u00e7\u00e3o pode prevenir essas doen\u00e7as,\nevitando complica\u00e7\u00f5es e interna\u00e7\u00f5es hospitalares\u201d. Fabiana ressalta ainda, que\nn\u00e3o h\u00e1 impedimento em receber, no mesmo dia, a vacina contra a gripe junto com\noutras doses do Calend\u00e1rio Vacinal. <\/p>\n\n\n\n<p><em>Documentos\nNecess\u00e1rios:<\/em><\/p>\n\n\n\n<p>Para\nser vacinado contra a gripe, \u00e9 necess\u00e1rio levar documento com foto e a\ncaderneta de vacina\u00e7\u00e3o. Os trabalhadores da sa\u00fade e professores devem\napresentar comprovante de v\u00ednculo ativo com a institui\u00e7\u00e3o em que atuam (crach\u00e1,\nholerite etc.). As gestantes devem apresentar carteira de pr\u00e9-natal e as\npu\u00e9rperas, comprovante de realiza\u00e7\u00e3o do parto at\u00e9 45 dias antes. <\/p>\n\n\n\n<p>Confira\nno site da FUMSSAR, a lista completa com todos os grupos priorit\u00e1rios.<\/p>\n","protected":false},"excerpt":{"rendered":"<p>Podem se vacinar os grupos priorit\u00e1rios elencados pelo Minist\u00e9rio da Sa\u00fade A Funda\u00e7\u00e3o Municipal de&#8230;<\/p>\n","protected":false},"author":36,"featured_media":26852,"comment_status":"closed","ping_status":"closed","sticky":false,"template":"","format":"standard","meta":{"footnotes":""},"categories":[2],"tags":[],"_links":{"self":[{"href":"https:\/\/www.fumssar.com.br\/index.php?rest_route=\/wp\/v2\/posts\/26850"}],"collection":[{"href":"https:\/\/www.fumssar.com.br\/index.php?rest_route=\/wp\/v2\/posts"}],"about":[{"href":"https:\/\/www.fumssar.com.br\/index.php?rest_route=\/wp\/v2\/types\/post"}],"author":[{"embeddable":true,"href":"https:\/\/www.fumssar.com.br\/index.php?rest_route=\/wp\/v2\/users\/36"}],"replies":[{"embeddable":true,"href":"https:\/\/www.fumssar.com.br\/index.php?rest_route=%2Fwp%2Fv2%2Fcomments&post=26850"}],"version-history":[{"count":1,"href":"https:\/\/www.fumssar.com.br\/index.php?rest_route=\/wp\/v2\/posts\/26850\/revisions"}],"predecessor-version":[{"id":26853,"href":"https:\/\/www.fumssar.com.br\/index.php?rest_route=\/wp\/v2\/posts\/26850\/revisions\/26853"}],"wp:featuredmedia":[{"embeddable":true,"href":"https:\/\/www.fumssar.com.br\/index.php?rest_route=\/wp\/v2\/media\/26852"}],"wp:attachment":[{"href":"https:\/\/www.fumssar.com.br\/index.php?rest_route=%2Fwp%2Fv2%2Fmedia&parent=26850"}],"wp:term":[{"taxonomy":"category","embeddable":true,"href":"https:\/\/www.fumssar.com.br\/index.php?rest_route=%2Fwp%2Fv2%2Fcategories&post=26850"},{"taxonomy":"post_tag","embeddable":true,"href":"https:\/\/www.fumssar.com.br\/index.php?rest_route=%2Fwp%2Fv2%2Ftags&post=26850"}],"curies":[{"name":"wp","href":"https:\/\/api.w.org\/{rel}","templated":true}]}}