{"id":26808,"date":"2024-04-22T16:00:44","date_gmt":"2024-04-22T19:00:44","guid":{"rendered":"http:\/\/www.fumssar.com.br\/?p=26808"},"modified":"2024-10-07T16:29:49","modified_gmt":"2024-10-07T19:29:49","slug":"todos-juntos-contra-a-dengue-2","status":"publish","type":"post","link":"https:\/\/www.fumssar.com.br\/?p=26808","title":{"rendered":"Todos juntos contra a dengue"},"content":{"rendered":"\n<p><em>A\u00e7\u00f5es de preven\u00e7\u00e3o s\u00e3o realizadas em toda a cidade<\/em><\/p>\n\n\n\n<figure class=\"wp-block-image\"><img loading=\"lazy\" decoding=\"async\" width=\"860\" height=\"645\" src=\"https:\/\/www.fumssar.com.br\/wp-content\/uploads\/2024\/04\/Formato-Site-e-Portal-860X645-JPG-2024-04-22T155820.956.jpg\" alt=\"\" class=\"wp-image-26809\" srcset=\"https:\/\/www.fumssar.com.br\/wp-content\/uploads\/2024\/04\/Formato-Site-e-Portal-860X645-JPG-2024-04-22T155820.956.jpg 860w, https:\/\/www.fumssar.com.br\/wp-content\/uploads\/2024\/04\/Formato-Site-e-Portal-860X645-JPG-2024-04-22T155820.956-300x225.jpg 300w, https:\/\/www.fumssar.com.br\/wp-content\/uploads\/2024\/04\/Formato-Site-e-Portal-860X645-JPG-2024-04-22T155820.956-768x576.jpg 768w\" sizes=\"(max-width: 860px) 100vw, 860px\" \/><\/figure>\n\n\n\n<p>A\nFUMSSAR promoveu no final de semana, a\u00e7\u00f5es de preven\u00e7\u00e3o e combate \u00e0 dengue. Os\nagentes de endemias realizaram a aplica\u00e7\u00e3o de fumac\u00ea em diversos bairros da\ncidade, al\u00e9m do uso de inseticidas em espa\u00e7os p\u00fablicos do munic\u00edpio. Nesta\nsegunda-feira (22), conforme boletim divulgado pela Vigil\u00e2ncia Epidemiol\u00f3gica,\nSanta Rosa possui 9.824 casos confirmados da doen\u00e7a. O Estado tamb\u00e9m confirmou\nmais tr\u00eas \u00f3bitos. Todos eram idosos, do sexo masculino, com comorbidades. Eles\ntinham respectivamente, 80, 90 e 92 anos de idade.<\/p>\n\n\n\n<p>Est\u00e3o\nsendo realizados mutir\u00f5es de limpeza e recolhimento de lixo em v\u00e1rias localidades.\nO trabalho de preven\u00e7\u00e3o conta tamb\u00e9m com o apoio dos agentes de sa\u00fade que atuam\nnas UBSs. A Diretora da Aten\u00e7\u00e3o B\u00e1sica da FUMSSAR, Dra. Fabiana Breitenbach,\nressalta os cuidados necess\u00e1rios para combater o mosquito, \u201cPrecisamos que toda\na popula\u00e7\u00e3o nos ajude a prevenir esta doen\u00e7a, n\u00e3o deixando \u00e1gua parada e\nlimpando seu p\u00e1tio regularmente\u201d. <\/p>\n\n\n\n<p>A\nFUMSSAR ainda alerta a popula\u00e7\u00e3o, para em caso de sintomas, procurar a Unidade\nB\u00e1sica de Sa\u00fade mais pr\u00f3xima. Al\u00e9m das UBSs, o Hospital Vida &amp; Sa\u00fade tamb\u00e9m\ndisponibilizou um Ambulat\u00f3rio na Unidade Dom Bosco. O servi\u00e7o est\u00e1 dispon\u00edvel\n24 horas por dia. <\/p>\n","protected":false},"excerpt":{"rendered":"<p>A\u00e7\u00f5es de preven\u00e7\u00e3o s\u00e3o realizadas em toda a cidade A FUMSSAR promoveu no final de&#8230;<\/p>\n","protected":false},"author":36,"featured_media":26810,"comment_status":"closed","ping_status":"closed","sticky":false,"template":"","format":"standard","meta":{"footnotes":""},"categories":[2],"tags":[],"_links":{"self":[{"href":"https:\/\/www.fumssar.com.br\/index.php?rest_route=\/wp\/v2\/posts\/26808"}],"collection":[{"href":"https:\/\/www.fumssar.com.br\/index.php?rest_route=\/wp\/v2\/posts"}],"about":[{"href":"https:\/\/www.fumssar.com.br\/index.php?rest_route=\/wp\/v2\/types\/post"}],"author":[{"embeddable":true,"href":"https:\/\/www.fumssar.com.br\/index.php?rest_route=\/wp\/v2\/users\/36"}],"replies":[{"embeddable":true,"href":"https:\/\/www.fumssar.com.br\/index.php?rest_route=%2Fwp%2Fv2%2Fcomments&post=26808"}],"version-history":[{"count":1,"href":"https:\/\/www.fumssar.com.br\/index.php?rest_route=\/wp\/v2\/posts\/26808\/revisions"}],"predecessor-version":[{"id":26811,"href":"https:\/\/www.fumssar.com.br\/index.php?rest_route=\/wp\/v2\/posts\/26808\/revisions\/26811"}],"wp:featuredmedia":[{"embeddable":true,"href":"https:\/\/www.fumssar.com.br\/index.php?rest_route=\/wp\/v2\/media\/26810"}],"wp:attachment":[{"href":"https:\/\/www.fumssar.com.br\/index.php?rest_route=%2Fwp%2Fv2%2Fmedia&parent=26808"}],"wp:term":[{"taxonomy":"category","embeddable":true,"href":"https:\/\/www.fumssar.com.br\/index.php?rest_route=%2Fwp%2Fv2%2Fcategories&post=26808"},{"taxonomy":"post_tag","embeddable":true,"href":"https:\/\/www.fumssar.com.br\/index.php?rest_route=%2Fwp%2Fv2%2Ftags&post=26808"}],"curies":[{"name":"wp","href":"https:\/\/api.w.org\/{rel}","templated":true}]}}