{"id":26758,"date":"2024-04-17T14:59:44","date_gmt":"2024-04-17T17:59:44","guid":{"rendered":"http:\/\/www.fumssar.com.br\/?p=26758"},"modified":"2024-10-07T16:29:49","modified_gmt":"2024-10-07T19:29:49","slug":"cer-ii-completou-9-anos-nesta-quarta-feira","status":"publish","type":"post","link":"https:\/\/www.fumssar.com.br\/?p=26758","title":{"rendered":"CER II completou 9 anos nesta quarta-feira"},"content":{"rendered":"\n<figure class=\"wp-block-image\"><img loading=\"lazy\" decoding=\"async\" width=\"860\" height=\"645\" src=\"https:\/\/www.fumssar.com.br\/wp-content\/uploads\/2024\/04\/Formato-Site-e-Portal-860X645-JPG-2024-04-17T145815.452.jpg\" alt=\"\" class=\"wp-image-26759\" srcset=\"https:\/\/www.fumssar.com.br\/wp-content\/uploads\/2024\/04\/Formato-Site-e-Portal-860X645-JPG-2024-04-17T145815.452.jpg 860w, https:\/\/www.fumssar.com.br\/wp-content\/uploads\/2024\/04\/Formato-Site-e-Portal-860X645-JPG-2024-04-17T145815.452-300x225.jpg 300w, https:\/\/www.fumssar.com.br\/wp-content\/uploads\/2024\/04\/Formato-Site-e-Portal-860X645-JPG-2024-04-17T145815.452-768x576.jpg 768w\" sizes=\"(max-width: 860px) 100vw, 860px\" \/><\/figure>\n\n\n\n<p>O\nCentro Especializado em Reabilita\u00e7\u00e3o Auditiva e Intelectual \u2013 CER II de Santa\nRosa completou nesta quarta-feira (17), 9 anos de cria\u00e7\u00e3o. Fundado em abril de\n2015, o servi\u00e7o que faz parte da Funda\u00e7\u00e3o Municipal de Sa\u00fade, abrange\natualmente, seis munic\u00edpios da regi\u00e3o Fronteira Noroeste. No ano que passou,\nforam realizados pela equipe multiprofissional que atua no CER II, mais de 37\nmil procedimentos em pacientes de 3 dias at\u00e9 100 anos de idade. <\/p>\n\n\n\n<p>Ao\nlongo destes 9 anos, o servi\u00e7o passou por diversas mudan\u00e7as. Novos projetos\nforam implementados, grupos foram formados e ao mesmo tempo, os profissionais passaram\npor v\u00e1rias qualifica\u00e7\u00f5es para melhorar o atendimento aos usu\u00e1rios do SUS.\nA\nCoordenadora do CER II, Michelli Pes, agradeceu o empenho de toda a equipe e destacou\no compromisso de oferecer um cuidado integral aos pacientes, \u201cEstamos muitos\nfelizes em celebrar esta data t\u00e3o especial para o CER. Quase uma d\u00e9cada de\nhist\u00f3ria, de muitas experi\u00eancias, aprendizados e de muita evolu\u00e7\u00e3o. Nestes anos\nampliamos a equipe t\u00e9cnica e oferecemos aos familiares e pacientes uma melhor\nqualidade no atendimento. Nossa equipe est\u00e1 constantemente participando de treinamentos\ne cursos com o objetivo de oferecer um cuidado cada vez mais humanizado\u201d. <\/p>\n\n\n\n<p>Entre\nos servi\u00e7os ofertados no Centro, est\u00e1 a realiza\u00e7\u00e3o de exames de Potencial\nAuditivo Evocado de Tronco Encef\u00e1lico (PEATE ou BERA) com seda\u00e7\u00e3o para melhor\navalia\u00e7\u00e3o auditiva de beb\u00eas e crian\u00e7as. Al\u00e9m disso, a equipe trabalha com o est\u00edmulo\nsensorial dos pacientes e a coloca\u00e7\u00e3o de pr\u00f3teses auditivas. Outra a\u00e7\u00e3o em destaque\nrealizada em parceria com a Pol\u00edcia Penal, \u00e9 o projeto de Cinoterapia, uma\nterapia assistida por c\u00e3es, para autistas, deficientes intelectuais e\nauditivos. <\/p>\n\n\n\n<p>Para\neste ano, o objetivo da coordena\u00e7\u00e3o \u00e9 ampliar o espa\u00e7o f\u00edsico do CER II,\ncontratar novos profissionais e continuar oferecendo um atendimento\nespecializado para as fam\u00edlias.<\/p>\n","protected":false},"excerpt":{"rendered":"<p>O Centro Especializado em Reabilita\u00e7\u00e3o Auditiva e Intelectual \u2013 CER II de Santa Rosa completou&#8230;<\/p>\n","protected":false},"author":36,"featured_media":26760,"comment_status":"closed","ping_status":"closed","sticky":false,"template":"","format":"standard","meta":{"footnotes":""},"categories":[2],"tags":[],"_links":{"self":[{"href":"https:\/\/www.fumssar.com.br\/index.php?rest_route=\/wp\/v2\/posts\/26758"}],"collection":[{"href":"https:\/\/www.fumssar.com.br\/index.php?rest_route=\/wp\/v2\/posts"}],"about":[{"href":"https:\/\/www.fumssar.com.br\/index.php?rest_route=\/wp\/v2\/types\/post"}],"author":[{"embeddable":true,"href":"https:\/\/www.fumssar.com.br\/index.php?rest_route=\/wp\/v2\/users\/36"}],"replies":[{"embeddable":true,"href":"https:\/\/www.fumssar.com.br\/index.php?rest_route=%2Fwp%2Fv2%2Fcomments&post=26758"}],"version-history":[{"count":1,"href":"https:\/\/www.fumssar.com.br\/index.php?rest_route=\/wp\/v2\/posts\/26758\/revisions"}],"predecessor-version":[{"id":26761,"href":"https:\/\/www.fumssar.com.br\/index.php?rest_route=\/wp\/v2\/posts\/26758\/revisions\/26761"}],"wp:featuredmedia":[{"embeddable":true,"href":"https:\/\/www.fumssar.com.br\/index.php?rest_route=\/wp\/v2\/media\/26760"}],"wp:attachment":[{"href":"https:\/\/www.fumssar.com.br\/index.php?rest_route=%2Fwp%2Fv2%2Fmedia&parent=26758"}],"wp:term":[{"taxonomy":"category","embeddable":true,"href":"https:\/\/www.fumssar.com.br\/index.php?rest_route=%2Fwp%2Fv2%2Fcategories&post=26758"},{"taxonomy":"post_tag","embeddable":true,"href":"https:\/\/www.fumssar.com.br\/index.php?rest_route=%2Fwp%2Fv2%2Ftags&post=26758"}],"curies":[{"name":"wp","href":"https:\/\/api.w.org\/{rel}","templated":true}]}}