{"id":26695,"date":"2024-04-10T11:13:09","date_gmt":"2024-04-10T14:13:09","guid":{"rendered":"http:\/\/www.fumssar.com.br\/?p=26695"},"modified":"2024-10-07T16:29:49","modified_gmt":"2024-10-07T19:29:49","slug":"dia-d-azul-e-promovido-nas-escolas-da-rede-municipal-de-ensino","status":"publish","type":"post","link":"https:\/\/www.fumssar.com.br\/?p=26695","title":{"rendered":"Dia D Azul \u00e9 promovido nas escolas da Rede Municipal de Ensino"},"content":{"rendered":"\n<figure class=\"wp-block-image\"><img loading=\"lazy\" decoding=\"async\" width=\"860\" height=\"645\" src=\"https:\/\/www.fumssar.com.br\/wp-content\/uploads\/2024\/04\/Formato-Site-e-Portal-860X645-JPG-2024-04-10T101828.163.jpg\" alt=\"\" class=\"wp-image-26696\" srcset=\"https:\/\/www.fumssar.com.br\/wp-content\/uploads\/2024\/04\/Formato-Site-e-Portal-860X645-JPG-2024-04-10T101828.163.jpg 860w, https:\/\/www.fumssar.com.br\/wp-content\/uploads\/2024\/04\/Formato-Site-e-Portal-860X645-JPG-2024-04-10T101828.163-300x225.jpg 300w, https:\/\/www.fumssar.com.br\/wp-content\/uploads\/2024\/04\/Formato-Site-e-Portal-860X645-JPG-2024-04-10T101828.163-768x576.jpg 768w\" sizes=\"(max-width: 860px) 100vw, 860px\" \/><\/figure>\n\n\n\n<p>O\nCentro Macrorregional de Refer\u00eancia em Autismo &#8211; CMR TEAcolhe Santa Rosa, em\nparceria com a Secretaria de Educa\u00e7\u00e3o e Cultura promoveu o Dia D Azul. Todas as\nescolas que fazem parte da Rede Municipal de Ensino (20 EMEIs + 14 EMEFs),\nparticiparam da a\u00e7\u00e3o, com atividades sobre o autismo. O objetivo foi\nconscientizar os estudantes e promover inclus\u00e3o entre a comunidade escolar.<\/p>\n\n\n\n<p>Durante\no Dia D, foram realizadas caminhadas dos alunos e professores, teatros, conta\u00e7\u00f5es\nde hist\u00f3rias, pinturas, entre outras a\u00e7\u00f5es. A Secret\u00e1ria de Educa\u00e7\u00e3o, Josyane Cristina\nHeck, destacou a import\u00e2ncia de conscientizar sobre o tema, \u201cEsta \u00e9 uma\ncampanha que deve ser lembrada todos os meses, n\u00e3o s\u00f3 em abril. Nosso objetivo\n\u00e9 difundir informa\u00e7\u00f5es para toda a comunidade escolar sobre a import\u00e2ncia da\ninclus\u00e3o e do acolhimento. Tivemos um dia muito especial, com lindas demonstra\u00e7\u00f5es\nde respeito e empatia entre as crian\u00e7as e adolescentes da nossa cidade\u201d.<\/p>\n\n\n\n<p>O\nGoverno Municipal atrav\u00e9s da Secretaria de Educa\u00e7\u00e3o, da FUMSSAR e do CMR\nTEAcolhe, tem realizado diversas capacita\u00e7\u00f5es, f\u00f3runs e semin\u00e1rios sobre o autismo,\nal\u00e9m de investir na qualifica\u00e7\u00e3o constante dos profissionais que atuam na \u00e1rea\ndo ensino. A Psic\u00f3loga e Coordenadora do CMR TEAcolhe Santa Rosa, Fl\u00e1via\nAlbuquerque, ressalta que durante todo o m\u00eas, ser\u00e3o realizadas atividades do\nAbril Azul, \u201cAbril \u00e9 o m\u00eas da conscientiza\u00e7\u00e3o sobre o transtorno do espectro\nautista e estamos desde o dia primeiro, promovendo diversas a\u00e7\u00f5es para informar\na sociedade sobre o tema, a fim de quebrar tabus e eliminar preconceitos\u201d. <\/p>\n\n\n\n<p>A\nRede Municipal de Ensino de Santa Rosa, possui matriculados, 91 alunos autistas.\nTodas as escolas da rede possuem acompanhamento de Professores de Educa\u00e7\u00e3o\nEspecial, que al\u00e9m de avaliar a aprendizagem e o desenvolvimento do aluno com transtorno\ndo espectro autista, s\u00e3o grandes incentivadores da inclus\u00e3o na escola.<\/p>\n","protected":false},"excerpt":{"rendered":"<p>O Centro Macrorregional de Refer\u00eancia em Autismo &#8211; CMR TEAcolhe Santa Rosa, em parceria com&#8230;<\/p>\n","protected":false},"author":36,"featured_media":26698,"comment_status":"closed","ping_status":"closed","sticky":false,"template":"","format":"standard","meta":{"footnotes":""},"categories":[2],"tags":[],"_links":{"self":[{"href":"https:\/\/www.fumssar.com.br\/index.php?rest_route=\/wp\/v2\/posts\/26695"}],"collection":[{"href":"https:\/\/www.fumssar.com.br\/index.php?rest_route=\/wp\/v2\/posts"}],"about":[{"href":"https:\/\/www.fumssar.com.br\/index.php?rest_route=\/wp\/v2\/types\/post"}],"author":[{"embeddable":true,"href":"https:\/\/www.fumssar.com.br\/index.php?rest_route=\/wp\/v2\/users\/36"}],"replies":[{"embeddable":true,"href":"https:\/\/www.fumssar.com.br\/index.php?rest_route=%2Fwp%2Fv2%2Fcomments&post=26695"}],"version-history":[{"count":1,"href":"https:\/\/www.fumssar.com.br\/index.php?rest_route=\/wp\/v2\/posts\/26695\/revisions"}],"predecessor-version":[{"id":26699,"href":"https:\/\/www.fumssar.com.br\/index.php?rest_route=\/wp\/v2\/posts\/26695\/revisions\/26699"}],"wp:featuredmedia":[{"embeddable":true,"href":"https:\/\/www.fumssar.com.br\/index.php?rest_route=\/wp\/v2\/media\/26698"}],"wp:attachment":[{"href":"https:\/\/www.fumssar.com.br\/index.php?rest_route=%2Fwp%2Fv2%2Fmedia&parent=26695"}],"wp:term":[{"taxonomy":"category","embeddable":true,"href":"https:\/\/www.fumssar.com.br\/index.php?rest_route=%2Fwp%2Fv2%2Fcategories&post=26695"},{"taxonomy":"post_tag","embeddable":true,"href":"https:\/\/www.fumssar.com.br\/index.php?rest_route=%2Fwp%2Fv2%2Ftags&post=26695"}],"curies":[{"name":"wp","href":"https:\/\/api.w.org\/{rel}","templated":true}]}}