{"id":26680,"date":"2024-04-09T14:03:38","date_gmt":"2024-04-09T17:03:38","guid":{"rendered":"http:\/\/www.fumssar.com.br\/?p=26680"},"modified":"2024-10-07T16:29:49","modified_gmt":"2024-10-07T19:29:49","slug":"dia-d-de-vacinacao-contra-a-gripe-vai-acontecer-neste-sabado","status":"publish","type":"post","link":"https:\/\/www.fumssar.com.br\/?p=26680","title":{"rendered":"Dia D de Vacina\u00e7\u00e3o contra a gripe vai acontecer neste s\u00e1bado"},"content":{"rendered":"\n<figure class=\"wp-block-image\"><img loading=\"lazy\" decoding=\"async\" width=\"860\" height=\"645\" src=\"https:\/\/www.fumssar.com.br\/wp-content\/uploads\/2024\/04\/Formato-Site-e-Portal-860X645-JPG-2024-04-09T135542.089.jpg\" alt=\"\" class=\"wp-image-26681\" srcset=\"https:\/\/www.fumssar.com.br\/wp-content\/uploads\/2024\/04\/Formato-Site-e-Portal-860X645-JPG-2024-04-09T135542.089.jpg 860w, https:\/\/www.fumssar.com.br\/wp-content\/uploads\/2024\/04\/Formato-Site-e-Portal-860X645-JPG-2024-04-09T135542.089-300x225.jpg 300w, https:\/\/www.fumssar.com.br\/wp-content\/uploads\/2024\/04\/Formato-Site-e-Portal-860X645-JPG-2024-04-09T135542.089-768x576.jpg 768w\" sizes=\"(max-width: 860px) 100vw, 860px\" \/><\/figure>\n\n\n\n<p>A\nFunda\u00e7\u00e3o Municipal de Sa\u00fade de Santa Rosa informa que neste s\u00e1bado (13), vai\nacontecer o dia D de vacina\u00e7\u00e3o contra o v\u00edrus Influenza (gripe). O mutir\u00e3o vai\nser realizado em todas as Unidades B\u00e1sicas de Sa\u00fade, das 08h \u00e0s 17h. No\ninterior, o atendimento ser\u00e1 das 08h \u00e0s 14h, (Bela Uni\u00e3o, Guia Lopes e Sete de\nSetembro). A aplica\u00e7\u00e3o n\u00e3o precisa ser agendada previamente, o atendimento vai\nocorrer por ordem de chegada. Podem se vacinar todas as pessoas elencadas como\ngrupos priorit\u00e1rios pelo Minist\u00e9rio da Sa\u00fade.<\/p>\n\n\n\n<p>Al\u00e9m\ndo Dia D no s\u00e1bado, a vacina\u00e7\u00e3o contra a gripe segue sendo realizada nas ter\u00e7as\ne quartas-feiras, em todas as UBSs, das 17h30min \u00e0s 19h. O Presidente da\nFUMSSAR, D\u00e9lcio Stefan, destaca a import\u00e2ncia da vacina\u00e7\u00e3o, \u201cO objetivo da\nvacina\u00e7\u00e3o \u00e9 reduzir a circula\u00e7\u00e3o do v\u00edrus da gripe e, consequentemente, o\nn\u00famero de hospitaliza\u00e7\u00f5es e agravos da doen\u00e7a\u201d. As doses ofertadas s\u00e3o\ntrivalentes, ou seja, protegem contra influenza A (H1N1 e H3N2) e o influenza\nB. \u00c9 importante destacar que n\u00e3o h\u00e1 impedimento em receber, no mesmo dia, a\nvacina contra a gripe juntamente com outras vacinas.<\/p>\n\n\n\n<p><strong><em>Documentos\nNecess\u00e1rios:<\/em><\/strong><\/p>\n\n\n\n<p>Para\nser vacinado contra a gripe, \u00e9 necess\u00e1rio levar documento com foto e a\ncaderneta de vacina\u00e7\u00e3o. Os trabalhadores da sa\u00fade e professores devem\napresentar comprovante de v\u00ednculo ativo com a institui\u00e7\u00e3o em que atuam (crach\u00e1,\nholerite etc.). As gestantes devem apresentar carteira de pr\u00e9-natal e as\npu\u00e9rperas, comprovante de realiza\u00e7\u00e3o do parto at\u00e9 45 dias antes. Confira a\nseguir, a lista com todos os grupos priorit\u00e1rios:<\/p>\n\n\n\n<ul><li>Pessoas\nacima de 60 anos<\/li><li>Crian\u00e7as\nde 6 meses at\u00e9 menores de 6 anos<\/li><li>Gestantes<\/li><li>Pu\u00e9rperas\n(at\u00e9 45 dias ap\u00f3s o parto)<\/li><li>Profissionais\nde sa\u00fade<\/li><li>Professores<\/li><li>Pessoas\ncom defici\u00eancia permanente<\/li><li>Pessoas\ncom doen\u00e7as cr\u00f4nicas n\u00e3o transmiss\u00edveis e outras condi\u00e7\u00f5es cl\u00ednicas especiais<\/li><li>Profissionais\nde transporte coletivo rodovi\u00e1rio<\/li><li>Caminhoneiros<\/li><li>Profissionais\nportu\u00e1rios<\/li><li>Profissionais\ndas for\u00e7as de seguran\u00e7a e salvamento<\/li><li>Profissionais\ndas For\u00e7as Armadas<\/li><li>Pessoas\nem situa\u00e7\u00e3o de rua<\/li><li>Ind\u00edgenas\n| Quilombolas<\/li><\/ul>\n","protected":false},"excerpt":{"rendered":"<p>A Funda\u00e7\u00e3o Municipal de Sa\u00fade de Santa Rosa informa que neste s\u00e1bado (13), vai acontecer&#8230;<\/p>\n","protected":false},"author":36,"featured_media":26682,"comment_status":"closed","ping_status":"closed","sticky":false,"template":"","format":"standard","meta":{"footnotes":""},"categories":[2],"tags":[],"_links":{"self":[{"href":"https:\/\/www.fumssar.com.br\/index.php?rest_route=\/wp\/v2\/posts\/26680"}],"collection":[{"href":"https:\/\/www.fumssar.com.br\/index.php?rest_route=\/wp\/v2\/posts"}],"about":[{"href":"https:\/\/www.fumssar.com.br\/index.php?rest_route=\/wp\/v2\/types\/post"}],"author":[{"embeddable":true,"href":"https:\/\/www.fumssar.com.br\/index.php?rest_route=\/wp\/v2\/users\/36"}],"replies":[{"embeddable":true,"href":"https:\/\/www.fumssar.com.br\/index.php?rest_route=%2Fwp%2Fv2%2Fcomments&post=26680"}],"version-history":[{"count":1,"href":"https:\/\/www.fumssar.com.br\/index.php?rest_route=\/wp\/v2\/posts\/26680\/revisions"}],"predecessor-version":[{"id":26683,"href":"https:\/\/www.fumssar.com.br\/index.php?rest_route=\/wp\/v2\/posts\/26680\/revisions\/26683"}],"wp:featuredmedia":[{"embeddable":true,"href":"https:\/\/www.fumssar.com.br\/index.php?rest_route=\/wp\/v2\/media\/26682"}],"wp:attachment":[{"href":"https:\/\/www.fumssar.com.br\/index.php?rest_route=%2Fwp%2Fv2%2Fmedia&parent=26680"}],"wp:term":[{"taxonomy":"category","embeddable":true,"href":"https:\/\/www.fumssar.com.br\/index.php?rest_route=%2Fwp%2Fv2%2Fcategories&post=26680"},{"taxonomy":"post_tag","embeddable":true,"href":"https:\/\/www.fumssar.com.br\/index.php?rest_route=%2Fwp%2Fv2%2Ftags&post=26680"}],"curies":[{"name":"wp","href":"https:\/\/api.w.org\/{rel}","templated":true}]}}