{"id":26676,"date":"2024-04-09T08:03:34","date_gmt":"2024-04-09T11:03:34","guid":{"rendered":"http:\/\/www.fumssar.com.br\/?p=26676"},"modified":"2024-10-07T16:29:49","modified_gmt":"2024-10-07T19:29:49","slug":"cerest-de-santa-rosa-obtem-a-maior-pontuacao-no-programa-qualifica-cerest","status":"publish","type":"post","link":"https:\/\/www.fumssar.com.br\/?p=26676","title":{"rendered":"Cerest de Santa Rosa obt\u00e9m a maior pontua\u00e7\u00e3o no Programa Qualifica Cerest"},"content":{"rendered":"\n<p>Os resultados foram divulgados pelo Minist\u00e9rio da Sa\u00fade<\/p>\n\n\n\n<figure class=\"wp-block-image\"><img loading=\"lazy\" decoding=\"async\" width=\"860\" height=\"645\" src=\"https:\/\/www.fumssar.com.br\/wp-content\/uploads\/2024\/04\/Formato-Site-e-Portal-860X645-JPG-2024-04-09T075957.687.jpg\" alt=\"\" class=\"wp-image-26677\" srcset=\"https:\/\/www.fumssar.com.br\/wp-content\/uploads\/2024\/04\/Formato-Site-e-Portal-860X645-JPG-2024-04-09T075957.687.jpg 860w, https:\/\/www.fumssar.com.br\/wp-content\/uploads\/2024\/04\/Formato-Site-e-Portal-860X645-JPG-2024-04-09T075957.687-300x225.jpg 300w, https:\/\/www.fumssar.com.br\/wp-content\/uploads\/2024\/04\/Formato-Site-e-Portal-860X645-JPG-2024-04-09T075957.687-768x576.jpg 768w\" sizes=\"(max-width: 860px) 100vw, 860px\" \/><\/figure>\n\n\n\n<p>O\nCentro de Refer\u00eancia em Sa\u00fade do Trabalhador de Santa Rosa \u2013 CEREST Fronteira\nNoroeste conquistou a pontua\u00e7\u00e3o m\u00e1xima do Programa Qualifica Cerest. Os\nresultados foram divulgados pela Coordena\u00e7\u00e3o Geral de Sa\u00fade do Trabalhador do\nMinist\u00e9rio da Sa\u00fade e t\u00eam como base, os dados de 2023. O servi\u00e7o que faz parte\nda Funda\u00e7\u00e3o Municipal de Sa\u00fade, conquistou 165 pontos no monitoramento do ano\npassado. Apenas 3 centros do Rio Grande do Sul alcan\u00e7aram esse resultado. O\nobjetivo do programa \u00e9 avaliar indicadores relacionados \u00e0s a\u00e7\u00f5es de vigil\u00e2ncia,\nassist\u00eancia e educa\u00e7\u00e3o permanente em sa\u00fade do trabalhador.<\/p>\n\n\n\n<p>Criado\npelo Minist\u00e9rio da Sa\u00fade em 2020, o Qualifica Cerest \u00e9 um instrumento de\nmonitoramento das a\u00e7\u00f5es desenvolvidas pelos Centros de Refer\u00eancia em Sa\u00fade do\nTrabalhador. Dentro do programa, v\u00e1rios crit\u00e9rios s\u00e3o analisados, cada um deles\ncom f\u00f3rmulas de c\u00e1lculo e pontua\u00e7\u00f5es espec\u00edficas, como por exemplo: efetividade\ndas a\u00e7\u00f5es realizadas, alcance das metas propostas, integra\u00e7\u00e3o com outras\ninst\u00e2ncias do sistema de sa\u00fade, entre outros pontos relevantes para a promo\u00e7\u00e3o\nda sa\u00fade do trabalhador. O Presidente da FUMSSAR, D\u00e9lcio Stefan, destaca que as\navalia\u00e7\u00f5es quadrimestrais desempenham um papel fundamental no monitoramento e\nna melhoria cont\u00ednua dos servi\u00e7os oferecidos pelo Cerest, \u201cEstamos muito\ncontentes em saber que o CEREST Santa Rosa \u00e9 hoje, refer\u00eancia no Estado do Rio\nGrande do Sul e no Brasil. A FUMSSAR est\u00e1 atenta para cada vez mais realizar\na\u00e7\u00f5es que promovam a sa\u00fade do trabalhador\u201d.<\/p>\n\n\n\n<p>D\u00e9lcio\nainda ressalta que o resultado \u00e9 fruto da atua\u00e7\u00e3o de uma equipe muito\ncomprometida, que realiza um trabalho de extrema qualidade e em cumprimento com\ntodas as normas vigentes no pa\u00eds. A Coordenadora do Cerest Fonteira Noroeste de\nSanta Rosa, Luciana Buuron, tamb\u00e9m falou sobre o trabalho realizado pela\nequipe, \u201cTemos uma equipe de excel\u00eancia que atua na preven\u00e7\u00e3o aos acidentes e\nno cuidado com os trabalhadores, a partir de a\u00e7\u00f5es especializadas. Durante todo\no ano, s\u00e3o realizadas a\u00e7\u00f5es de conscientiza\u00e7\u00e3o sobre a import\u00e2ncia das\nnotifica\u00e7\u00f5es de doen\u00e7as ocupacionais e acidentes do trabalho junto aos servi\u00e7os\np\u00fablicos e privados da regi\u00e3o da \u00e1rea de abrang\u00eancia da 14\u00aa CRS\u201d. O programa Qualifica\nCerest ainda possibilita a identifica\u00e7\u00e3o de boas pr\u00e1ticas, com o objetivo de aprimorar\na qualidade da aten\u00e7\u00e3o \u00e0 sa\u00fade do trabalhador em todo o territ\u00f3rio nacional.<\/p>\n","protected":false},"excerpt":{"rendered":"<p>Os resultados foram divulgados pelo Minist\u00e9rio da Sa\u00fade O Centro de Refer\u00eancia em Sa\u00fade do&#8230;<\/p>\n","protected":false},"author":36,"featured_media":26678,"comment_status":"closed","ping_status":"closed","sticky":false,"template":"","format":"standard","meta":{"footnotes":""},"categories":[2],"tags":[],"_links":{"self":[{"href":"https:\/\/www.fumssar.com.br\/index.php?rest_route=\/wp\/v2\/posts\/26676"}],"collection":[{"href":"https:\/\/www.fumssar.com.br\/index.php?rest_route=\/wp\/v2\/posts"}],"about":[{"href":"https:\/\/www.fumssar.com.br\/index.php?rest_route=\/wp\/v2\/types\/post"}],"author":[{"embeddable":true,"href":"https:\/\/www.fumssar.com.br\/index.php?rest_route=\/wp\/v2\/users\/36"}],"replies":[{"embeddable":true,"href":"https:\/\/www.fumssar.com.br\/index.php?rest_route=%2Fwp%2Fv2%2Fcomments&post=26676"}],"version-history":[{"count":1,"href":"https:\/\/www.fumssar.com.br\/index.php?rest_route=\/wp\/v2\/posts\/26676\/revisions"}],"predecessor-version":[{"id":26679,"href":"https:\/\/www.fumssar.com.br\/index.php?rest_route=\/wp\/v2\/posts\/26676\/revisions\/26679"}],"wp:featuredmedia":[{"embeddable":true,"href":"https:\/\/www.fumssar.com.br\/index.php?rest_route=\/wp\/v2\/media\/26678"}],"wp:attachment":[{"href":"https:\/\/www.fumssar.com.br\/index.php?rest_route=%2Fwp%2Fv2%2Fmedia&parent=26676"}],"wp:term":[{"taxonomy":"category","embeddable":true,"href":"https:\/\/www.fumssar.com.br\/index.php?rest_route=%2Fwp%2Fv2%2Fcategories&post=26676"},{"taxonomy":"post_tag","embeddable":true,"href":"https:\/\/www.fumssar.com.br\/index.php?rest_route=%2Fwp%2Fv2%2Ftags&post=26676"}],"curies":[{"name":"wp","href":"https:\/\/api.w.org\/{rel}","templated":true}]}}