{"id":26672,"date":"2024-04-08T15:38:48","date_gmt":"2024-04-08T18:38:48","guid":{"rendered":"http:\/\/www.fumssar.com.br\/?p=26672"},"modified":"2024-10-07T16:29:49","modified_gmt":"2024-10-07T19:29:49","slug":"fumssar-realiza-acoes-contra-a-dengue","status":"publish","type":"post","link":"https:\/\/www.fumssar.com.br\/?p=26672","title":{"rendered":"FUMSSAR realiza a\u00e7\u00f5es contra a dengue"},"content":{"rendered":"\n<figure class=\"wp-block-image\"><img loading=\"lazy\" decoding=\"async\" width=\"860\" height=\"645\" src=\"https:\/\/www.fumssar.com.br\/wp-content\/uploads\/2024\/04\/Formato-Site-e-Portal-860X645-JPG-2024-04-08T102107.831.jpg\" alt=\"\" class=\"wp-image-26673\" srcset=\"https:\/\/www.fumssar.com.br\/wp-content\/uploads\/2024\/04\/Formato-Site-e-Portal-860X645-JPG-2024-04-08T102107.831.jpg 860w, https:\/\/www.fumssar.com.br\/wp-content\/uploads\/2024\/04\/Formato-Site-e-Portal-860X645-JPG-2024-04-08T102107.831-300x225.jpg 300w, https:\/\/www.fumssar.com.br\/wp-content\/uploads\/2024\/04\/Formato-Site-e-Portal-860X645-JPG-2024-04-08T102107.831-768x576.jpg 768w\" sizes=\"(max-width: 860px) 100vw, 860px\" \/><\/figure>\n\n\n\n<p>A\nFunda\u00e7\u00e3o Municipal de Sa\u00fade promoveu no final de semana, a\u00e7\u00f5es de preven\u00e7\u00e3o e\ncombate \u00e0 dengue. Os agentes de endemias realizaram a aplica\u00e7\u00e3o de inseticidas\nem escolas do munic\u00edpio, mediante o uso da t\u00e9cnica da Borrifa\u00e7\u00e3o Residual\nIntradomiciliar \u2013 BRI. Nesta segunda-feira (08), conforme boletim divulgado\npela 14\u00aa CRS, Santa Rosa possui 6.376 casos confirmados da doen\u00e7a. O Estado\ntamb\u00e9m confirmou mais 02 \u00f3bitos (02 mulheres que tinham comorbidades, uma de 23\nanos e a outra de 73 anos).<\/p>\n\n\n\n<p>As\nmedidas de preven\u00e7\u00e3o continuam em toda a cidade. Visitas domiciliares,\naplica\u00e7\u00e3o de fumac\u00ea em regi\u00f5es com alto \u00edndice de infesta\u00e7\u00e3o e a coloca\u00e7\u00e3o de\n100 ovitrampas (armadilhas para capturar os ovos do mosquito da dengue). A Diretora\nda Aten\u00e7\u00e3o B\u00e1sica da FUMSSAR, Dra. Fabiana Breitenbach, ressalta que as pessoas\ncom sintomas de febre, dor no corpo e nas articula\u00e7\u00f5es, dor de cabe\u00e7a e dor\natr\u00e1s dos olhos, n\u00e1usea, v\u00f4mito e diarreia, devem procurar a Unidade B\u00e1sica de\nSa\u00fade mais pr\u00f3xima para atendimento.<\/p>\n\n\n\n<p>A\nFUMSSAR fechou uma parceria com o 19\u00ba RC Mec que ir\u00e1 auxiliar nas a\u00e7\u00f5es de\npreven\u00e7\u00e3o e combate \u00e0 dengue. Al\u00e9m das UBSs, o Hospital Vida &amp; Sa\u00fade tamb\u00e9m\ndisponibilizou um Ambulat\u00f3rio na Unidade Dom Bosco. O servi\u00e7o est\u00e1 dispon\u00edvel\n24 horas por dia. Em casos mais graves, o atendimento continua sendo realizado\natrav\u00e9s da UPA de Santa Rosa.<\/p>\n","protected":false},"excerpt":{"rendered":"<p>A Funda\u00e7\u00e3o Municipal de Sa\u00fade promoveu no final de semana, a\u00e7\u00f5es de preven\u00e7\u00e3o e combate&#8230;<\/p>\n","protected":false},"author":36,"featured_media":26674,"comment_status":"closed","ping_status":"closed","sticky":false,"template":"","format":"standard","meta":{"footnotes":""},"categories":[2],"tags":[],"_links":{"self":[{"href":"https:\/\/www.fumssar.com.br\/index.php?rest_route=\/wp\/v2\/posts\/26672"}],"collection":[{"href":"https:\/\/www.fumssar.com.br\/index.php?rest_route=\/wp\/v2\/posts"}],"about":[{"href":"https:\/\/www.fumssar.com.br\/index.php?rest_route=\/wp\/v2\/types\/post"}],"author":[{"embeddable":true,"href":"https:\/\/www.fumssar.com.br\/index.php?rest_route=\/wp\/v2\/users\/36"}],"replies":[{"embeddable":true,"href":"https:\/\/www.fumssar.com.br\/index.php?rest_route=%2Fwp%2Fv2%2Fcomments&post=26672"}],"version-history":[{"count":1,"href":"https:\/\/www.fumssar.com.br\/index.php?rest_route=\/wp\/v2\/posts\/26672\/revisions"}],"predecessor-version":[{"id":26675,"href":"https:\/\/www.fumssar.com.br\/index.php?rest_route=\/wp\/v2\/posts\/26672\/revisions\/26675"}],"wp:featuredmedia":[{"embeddable":true,"href":"https:\/\/www.fumssar.com.br\/index.php?rest_route=\/wp\/v2\/media\/26674"}],"wp:attachment":[{"href":"https:\/\/www.fumssar.com.br\/index.php?rest_route=%2Fwp%2Fv2%2Fmedia&parent=26672"}],"wp:term":[{"taxonomy":"category","embeddable":true,"href":"https:\/\/www.fumssar.com.br\/index.php?rest_route=%2Fwp%2Fv2%2Fcategories&post=26672"},{"taxonomy":"post_tag","embeddable":true,"href":"https:\/\/www.fumssar.com.br\/index.php?rest_route=%2Fwp%2Fv2%2Ftags&post=26672"}],"curies":[{"name":"wp","href":"https:\/\/api.w.org\/{rel}","templated":true}]}}