{"id":26644,"date":"2024-04-05T14:18:51","date_gmt":"2024-04-05T17:18:51","guid":{"rendered":"http:\/\/www.fumssar.com.br\/?p=26644"},"modified":"2024-10-07T16:29:49","modified_gmt":"2024-10-07T19:29:49","slug":"hospital-vida-saude-apresenta-nova-uti-e-unidade-de-internacao-clinica","status":"publish","type":"post","link":"https:\/\/www.fumssar.com.br\/?p=26644","title":{"rendered":"Hospital Vida &amp; Sa\u00fade apresenta nova UTI e Unidade de Interna\u00e7\u00e3o Cl\u00ednica"},"content":{"rendered":"\n<figure class=\"wp-block-image\"><img loading=\"lazy\" decoding=\"async\" width=\"860\" height=\"645\" src=\"https:\/\/www.fumssar.com.br\/wp-content\/uploads\/2024\/04\/Formato-Site-e-Portal-860X645-JPG-2024-04-05T141454.537.jpg\" alt=\"\" class=\"wp-image-26645\" srcset=\"https:\/\/www.fumssar.com.br\/wp-content\/uploads\/2024\/04\/Formato-Site-e-Portal-860X645-JPG-2024-04-05T141454.537.jpg 860w, https:\/\/www.fumssar.com.br\/wp-content\/uploads\/2024\/04\/Formato-Site-e-Portal-860X645-JPG-2024-04-05T141454.537-300x225.jpg 300w, https:\/\/www.fumssar.com.br\/wp-content\/uploads\/2024\/04\/Formato-Site-e-Portal-860X645-JPG-2024-04-05T141454.537-768x576.jpg 768w\" sizes=\"(max-width: 860px) 100vw, 860px\" \/><\/figure>\n\n\n\n<p>Com\na presen\u00e7a da secret\u00e1ria de sa\u00fade do RS, Arita Bergmann, o Hospital Vida &amp;\nSa\u00fade inaugurou nesta quinta-feira (04), a nova Unidade de Tratamento Intensivo\n(UTI) e a nova Unidade de Interna\u00e7\u00e3o Cl\u00ednica. Localizados no 5\u00b0 e 7\u00b0 pavimentos\ndo novo pr\u00e9dio, respectivamente, as unidades s\u00e3o marcadas pelo conceito de\nhumaniza\u00e7\u00e3o de ambi\u00eancia, com tecnologia, conforto, leitos amplos e espa\u00e7os\npensados para um atendimento que prezam pela privacidade e respeito a\nindividualidade de cada paciente.<\/p>\n\n\n\n<p>A\ninaugura\u00e7\u00e3o contou com a presen\u00e7a de autoridades locais e regionais, equipe de\nprofissionais do Hospital e representa\u00e7\u00f5es da comunidade. Acolhendo o p\u00fablico\npresente, a diretora-geral Vanderli de Barros falou sobre o prop\u00f3sito de salvar\nvidas, presente em cada a\u00e7\u00e3o dentro da institui\u00e7\u00e3o, ressaltando o cuidado e o\ncarinho em cada detalhe nos dois espa\u00e7os inaugurados.<\/p>\n\n\n\n<p>Durante\no ato, a Secret\u00e1ria Arita Bergmann parabenizou a institui\u00e7\u00e3o e destacou a\nefici\u00eancia da gest\u00e3o na administra\u00e7\u00e3o do recurso encaminhado pelo Governo do\nEstado para a obra. O presidente do Hospital, Sidnei Strejevitch, agradeceu o\napoio das institui\u00e7\u00f5es e da comunidade, destacando a dedica\u00e7\u00e3o de profissionais\npara oferecer a melhor assist\u00eancia aos pacientes de todo Estado, que\ndiariamente buscam atendimento no Hospital. Finalizando, o prefeito Anderson\nMantei agradeceu o apoio do Governo do Estado, atrav\u00e9s da Secret\u00e1ria Arita\nBergmann, garantindo que os valores investidos no Hospital s\u00e3o destinados para\nimportantes melhorias no atendimento \u00e0 sa\u00fade de toda regi\u00e3o.<\/p>\n\n\n\n<p><strong><em>A\ntecnologia e humaniza\u00e7\u00e3o no cuidado na nova UTI<\/em><\/strong><\/p>\n\n\n\n<p>Com\n20 leitos individualizados, distribu\u00eddos em 986,26 metros, a nova UTI do Vida\n&amp; Sa\u00fade conta com tecnologia de ponta. Em boxes individuais, cada paciente\nter\u00e1 a seu dispor televisor, poltrona, al\u00e9m de um sistema totalmente\nautomatizado, que funciona por comando de voz. Com isso, pacientes l\u00facidos e\norientados, ter\u00e3o mais possibilidades de autonomia durante a interna\u00e7\u00e3o. Os\nleitos tamb\u00e9m contam com luzes coloridas, que podem ser ajustadas,\npossibilitando terapias como a cromoterapia. Al\u00e9m da individualidade, os boxes\ncontam com vidros especiais que quando acionados permanecem opacos, oferecendo\nprivacidade ao paciente durante a\u00e7\u00f5es como o banho de leito. O local atender\u00e1\npacientes do Sistema \u00danico de Sa\u00fade (SUS), conv\u00eanios e privados, sem distin\u00e7\u00e3o\nentre os leitos.<\/p>\n\n\n\n<p><strong><em>Nova\nUnidade de Interna\u00e7\u00e3o Cl\u00ednica<\/em><\/strong><\/p>\n\n\n\n<p>Al\u00e9m\nda UTI, o Vida &amp; Sa\u00fade apresentou a nova Unidade de Interna\u00e7\u00e3o Cl\u00ednica que\ncontar\u00e1 com 30 leitos. Ainda em fase de finaliza\u00e7\u00e3o, a Unidade contar\u00e1 com\napartamentos individuais e compartilhados, atendendo pacientes do Sistema \u00danico\nde Sa\u00fade (SUS).<\/p>\n\n\n\n<p>Ap\u00f3s\nas inaugura\u00e7\u00f5es, a Secret\u00e1ria tamb\u00e9m visitou o 6\u00ba pavimento da Nova Unidade,\nonde funcionar\u00e1 o Servi\u00e7o de Alta Complexidade em Cardiologia, Cirurgia\nCard\u00edaca e Hemodin\u00e2mica.<\/p>\n","protected":false},"excerpt":{"rendered":"<p>Com a presen\u00e7a da secret\u00e1ria de sa\u00fade do RS, Arita Bergmann, o Hospital Vida &amp;&#8230;<\/p>\n","protected":false},"author":36,"featured_media":26646,"comment_status":"closed","ping_status":"closed","sticky":false,"template":"","format":"standard","meta":{"footnotes":""},"categories":[2],"tags":[],"_links":{"self":[{"href":"https:\/\/www.fumssar.com.br\/index.php?rest_route=\/wp\/v2\/posts\/26644"}],"collection":[{"href":"https:\/\/www.fumssar.com.br\/index.php?rest_route=\/wp\/v2\/posts"}],"about":[{"href":"https:\/\/www.fumssar.com.br\/index.php?rest_route=\/wp\/v2\/types\/post"}],"author":[{"embeddable":true,"href":"https:\/\/www.fumssar.com.br\/index.php?rest_route=\/wp\/v2\/users\/36"}],"replies":[{"embeddable":true,"href":"https:\/\/www.fumssar.com.br\/index.php?rest_route=%2Fwp%2Fv2%2Fcomments&post=26644"}],"version-history":[{"count":1,"href":"https:\/\/www.fumssar.com.br\/index.php?rest_route=\/wp\/v2\/posts\/26644\/revisions"}],"predecessor-version":[{"id":26647,"href":"https:\/\/www.fumssar.com.br\/index.php?rest_route=\/wp\/v2\/posts\/26644\/revisions\/26647"}],"wp:featuredmedia":[{"embeddable":true,"href":"https:\/\/www.fumssar.com.br\/index.php?rest_route=\/wp\/v2\/media\/26646"}],"wp:attachment":[{"href":"https:\/\/www.fumssar.com.br\/index.php?rest_route=%2Fwp%2Fv2%2Fmedia&parent=26644"}],"wp:term":[{"taxonomy":"category","embeddable":true,"href":"https:\/\/www.fumssar.com.br\/index.php?rest_route=%2Fwp%2Fv2%2Fcategories&post=26644"},{"taxonomy":"post_tag","embeddable":true,"href":"https:\/\/www.fumssar.com.br\/index.php?rest_route=%2Fwp%2Fv2%2Ftags&post=26644"}],"curies":[{"name":"wp","href":"https:\/\/api.w.org\/{rel}","templated":true}]}}