{"id":26614,"date":"2024-04-02T15:55:57","date_gmt":"2024-04-02T18:55:57","guid":{"rendered":"http:\/\/www.fumssar.com.br\/?p=26614"},"modified":"2024-10-07T16:29:49","modified_gmt":"2024-10-07T19:29:49","slug":"4o-seminario-estadual-do-transtorno-do-espectro-autista-acontece-nesta-semana","status":"publish","type":"post","link":"https:\/\/www.fumssar.com.br\/?p=26614","title":{"rendered":"4\u00ba Semin\u00e1rio Estadual do Transtorno do Espectro Autista acontece nesta semana"},"content":{"rendered":"\n<p><em>A a\u00e7\u00e3o faz parte da campanha Abril Azul: M\u00eas de conscientiza\u00e7\u00e3o do Autismo<\/em><\/p>\n\n\n\n<figure class=\"wp-block-image\"><img loading=\"lazy\" decoding=\"async\" width=\"860\" height=\"645\" src=\"https:\/\/www.fumssar.com.br\/wp-content\/uploads\/2024\/04\/Formato-Site-e-Portal-860X645-JPG-2024-04-02T145602.388.jpg\" alt=\"\" class=\"wp-image-26615\" srcset=\"https:\/\/www.fumssar.com.br\/wp-content\/uploads\/2024\/04\/Formato-Site-e-Portal-860X645-JPG-2024-04-02T145602.388.jpg 860w, https:\/\/www.fumssar.com.br\/wp-content\/uploads\/2024\/04\/Formato-Site-e-Portal-860X645-JPG-2024-04-02T145602.388-300x225.jpg 300w, https:\/\/www.fumssar.com.br\/wp-content\/uploads\/2024\/04\/Formato-Site-e-Portal-860X645-JPG-2024-04-02T145602.388-768x576.jpg 768w\" sizes=\"(max-width: 860px) 100vw, 860px\" \/><\/figure>\n\n\n\n<p>A\nFunda\u00e7\u00e3o Municipal de Sa\u00fade de Santa Rosa organizou uma programa\u00e7\u00e3o\ndiferenciada para o Abril Azul, m\u00eas voltado para a conscientiza\u00e7\u00e3o do\nTranstorno do Espectro Autista. Atividades especiais ser\u00e3o realizadas pela\nequipe do Centro Macrorregional de Refer\u00eancia em TEA &#8211; CMR TEAcolhe. Entre os\neventos que ser\u00e3o promovidos, o maior deles, vai acontecer na pr\u00f3xima\nquinta-feira (04 de abril), no Centro C\u00edvico Cultural Ant\u00f4nio Carlos Borges.\nSanta Rosa ir\u00e1 sediar o 4\u00ba Semin\u00e1rio Estadual do Transtorno do Espectro Autista.\nMais de 1.300 pessoas est\u00e3o confirmadas. A atividade ser\u00e1 hibrida.<\/p>\n\n\n\n<p>O\nsemin\u00e1rio vai contar com a participa\u00e7\u00e3o da Secret\u00e1ria de Sa\u00fade do RS, Arita\nBergmann, do Deputado Estadual, Eduardo Loureiro, propositor da Lei\n15.322\/2019, que oportunizou um programa de atendimento integrado aos autistas\ndo Rio Grande do Sul, entre outras autoridades. Durante a programa\u00e7\u00e3o, ser\u00e3o\ntratados diversos temas com refer\u00eancia ao autismo. Para o presidente da\nFUMSSAR, D\u00e9lcio Stefan, esta \u00e9 uma oportunidade de mostrar para Santa Rosa e\npara o estado, o trabalho que est\u00e1 sendo realizado pelo Centro Macrorregional\nem TEA e ao mesmo tempo, oportunizar a escuta de temas t\u00e3o importantes,\nvoltados ao autismo, \u201cEstamos muito contentes de realizar mais uma vez em Santa\nRosa, um semin\u00e1rio estadual sobre o Transtorno do Espectro Autista. Tendo em\nvista, que esse ainda \u00e9 um assunto pouco discutido e que precisa de um olhar\ndiferenciado\u201d.<\/p>\n\n\n\n<p>Durante\ntodo o m\u00eas, outras a\u00e7\u00f5es ser\u00e3o realizadas no Abril Azul. Nesta ter\u00e7a-feira\n(02\/04), Dia Mundial de Conscientiza\u00e7\u00e3o do Autismo, ser\u00e1 realizada a atividade\nSem\u00e1foro Azul, no Tape Por\u00e3. Segundo a Coordenadora do CMR TEAcolhe, Fl\u00e1via\nAlbuquerque, \u201cA programa\u00e7\u00e3o do Abril Azul contar\u00e1 com diversas atividades\ndirecionadas para profissionais de sa\u00fade, educa\u00e7\u00e3o e assist\u00eancia social, bem\ncomo, para familiares e usu\u00e1rios autistas e t\u00eam como parceiros as entidades que\natendem esse p\u00fablico e a associa\u00e7\u00e3o de autistas de Santa Rosa\u201d.<\/p>\n\n\n\n<p>A programa\u00e7\u00e3o completa do Abril Azul e mais informa\u00e7\u00f5es sobre o 4\u00ba Semin\u00e1rio Estadual do Transtorno do Espectro Autista, podem ser acessadas nas p\u00e1ginas oficiais da Prefeitura de Santa Rosa, FUMSSAR e pelo Instagram do CMR TEAcolhe Santa Rosa.<\/p>\n\n\n\n<ul class=\"wp-block-gallery columns-2 is-cropped wp-block-gallery-1 is-layout-flex wp-block-gallery-is-layout-flex\"><li class=\"blocks-gallery-item\"><figure><img loading=\"lazy\" decoding=\"async\" width=\"1024\" height=\"1024\" src=\"https:\/\/www.fumssar.com.br\/wp-content\/uploads\/2024\/04\/IV-semin\u00e1rio-do-TEA-Post-para-Instagram-1-1024x1024.png\" alt=\"\" data-id=\"26617\" data-link=\"https:\/\/www.fumssar.com.br\/?attachment_id=26617\" class=\"wp-image-26617\" srcset=\"https:\/\/www.fumssar.com.br\/wp-content\/uploads\/2024\/04\/IV-semin\u00e1rio-do-TEA-Post-para-Instagram-1-1024x1024.png 1024w, https:\/\/www.fumssar.com.br\/wp-content\/uploads\/2024\/04\/IV-semin\u00e1rio-do-TEA-Post-para-Instagram-1-150x150.png 150w, https:\/\/www.fumssar.com.br\/wp-content\/uploads\/2024\/04\/IV-semin\u00e1rio-do-TEA-Post-para-Instagram-1-300x300.png 300w, https:\/\/www.fumssar.com.br\/wp-content\/uploads\/2024\/04\/IV-semin\u00e1rio-do-TEA-Post-para-Instagram-1-768x768.png 768w, https:\/\/www.fumssar.com.br\/wp-content\/uploads\/2024\/04\/IV-semin\u00e1rio-do-TEA-Post-para-Instagram-1.png 1080w\" sizes=\"(max-width: 1024px) 100vw, 1024px\" \/><\/figure><\/li><li class=\"blocks-gallery-item\"><figure><img loading=\"lazy\" decoding=\"async\" width=\"747\" height=\"747\" src=\"https:\/\/www.fumssar.com.br\/wp-content\/uploads\/2024\/04\/abril-azul-2024-1.jpeg\" alt=\"\" data-id=\"26618\" data-link=\"https:\/\/www.fumssar.com.br\/?attachment_id=26618\" class=\"wp-image-26618\" srcset=\"https:\/\/www.fumssar.com.br\/wp-content\/uploads\/2024\/04\/abril-azul-2024-1.jpeg 747w, https:\/\/www.fumssar.com.br\/wp-content\/uploads\/2024\/04\/abril-azul-2024-1-150x150.jpeg 150w, https:\/\/www.fumssar.com.br\/wp-content\/uploads\/2024\/04\/abril-azul-2024-1-300x300.jpeg 300w\" sizes=\"(max-width: 747px) 100vw, 747px\" \/><\/figure><\/li><\/ul>\n","protected":false},"excerpt":{"rendered":"<p>A a\u00e7\u00e3o faz parte da campanha Abril Azul: M\u00eas de conscientiza\u00e7\u00e3o do Autismo A Funda\u00e7\u00e3o&#8230;<\/p>\n","protected":false},"author":36,"featured_media":26619,"comment_status":"closed","ping_status":"closed","sticky":false,"template":"","format":"standard","meta":{"footnotes":""},"categories":[2],"tags":[],"_links":{"self":[{"href":"https:\/\/www.fumssar.com.br\/index.php?rest_route=\/wp\/v2\/posts\/26614"}],"collection":[{"href":"https:\/\/www.fumssar.com.br\/index.php?rest_route=\/wp\/v2\/posts"}],"about":[{"href":"https:\/\/www.fumssar.com.br\/index.php?rest_route=\/wp\/v2\/types\/post"}],"author":[{"embeddable":true,"href":"https:\/\/www.fumssar.com.br\/index.php?rest_route=\/wp\/v2\/users\/36"}],"replies":[{"embeddable":true,"href":"https:\/\/www.fumssar.com.br\/index.php?rest_route=%2Fwp%2Fv2%2Fcomments&post=26614"}],"version-history":[{"count":1,"href":"https:\/\/www.fumssar.com.br\/index.php?rest_route=\/wp\/v2\/posts\/26614\/revisions"}],"predecessor-version":[{"id":26620,"href":"https:\/\/www.fumssar.com.br\/index.php?rest_route=\/wp\/v2\/posts\/26614\/revisions\/26620"}],"wp:featuredmedia":[{"embeddable":true,"href":"https:\/\/www.fumssar.com.br\/index.php?rest_route=\/wp\/v2\/media\/26619"}],"wp:attachment":[{"href":"https:\/\/www.fumssar.com.br\/index.php?rest_route=%2Fwp%2Fv2%2Fmedia&parent=26614"}],"wp:term":[{"taxonomy":"category","embeddable":true,"href":"https:\/\/www.fumssar.com.br\/index.php?rest_route=%2Fwp%2Fv2%2Fcategories&post=26614"},{"taxonomy":"post_tag","embeddable":true,"href":"https:\/\/www.fumssar.com.br\/index.php?rest_route=%2Fwp%2Fv2%2Ftags&post=26614"}],"curies":[{"name":"wp","href":"https:\/\/api.w.org\/{rel}","templated":true}]}}