{"id":26609,"date":"2024-04-02T14:33:19","date_gmt":"2024-04-02T17:33:19","guid":{"rendered":"http:\/\/www.fumssar.com.br\/?p=26609"},"modified":"2024-10-07T16:29:49","modified_gmt":"2024-10-07T19:29:49","slug":"acoes-de-combate-a-dengue-sao-realizadas-em-santa-rosa","status":"publish","type":"post","link":"https:\/\/www.fumssar.com.br\/?p=26609","title":{"rendered":"A\u00e7\u00f5es de combate \u00e0 dengue s\u00e3o realizadas em Santa Rosa"},"content":{"rendered":"\n<figure class=\"wp-block-image\"><img loading=\"lazy\" decoding=\"async\" width=\"860\" height=\"645\" src=\"https:\/\/www.fumssar.com.br\/wp-content\/uploads\/2024\/04\/Formato-Site-e-Portal-860X645-JPG-2024-04-02T090039.851.jpg\" alt=\"\" class=\"wp-image-26610\" srcset=\"https:\/\/www.fumssar.com.br\/wp-content\/uploads\/2024\/04\/Formato-Site-e-Portal-860X645-JPG-2024-04-02T090039.851.jpg 860w, https:\/\/www.fumssar.com.br\/wp-content\/uploads\/2024\/04\/Formato-Site-e-Portal-860X645-JPG-2024-04-02T090039.851-300x225.jpg 300w, https:\/\/www.fumssar.com.br\/wp-content\/uploads\/2024\/04\/Formato-Site-e-Portal-860X645-JPG-2024-04-02T090039.851-768x576.jpg 768w\" sizes=\"(max-width: 860px) 100vw, 860px\" \/><\/figure>\n\n\n\n<p>Nesta\nter\u00e7a-feira (02\/04), o n\u00famero de casos confirmados de dengue em Santa Rosa \u00e9 de\n5.106. Os n\u00fameros aumentaram e as a\u00e7\u00f5es est\u00e3o sendo intensificadas em toda a\ncidade. Os dados v\u00eam sendo atualizados diariamente mediante boletim divulgado\npela Funda\u00e7\u00e3o Municipal de Sa\u00fade e pela 14\u00aa Coordenadoria Regional de Sa\u00fade \u2013\n14\u00aa CRS. Na \u00faltima quinta-feira (28\/03), o Prefeito Anderson Mantei assinou\num decreto que declara Santa Rosa em situa\u00e7\u00e3o de emerg\u00eancia em fun\u00e7\u00e3o da\ndengue, nos pr\u00f3ximos 45 dias, podendo ser prorrogado. Neste mesmo dia, tamb\u00e9m\nfoi anunciado junto com o Hospital Vida &amp; Sa\u00fade, mais um local para\natendimento desses casos: o Ambulat\u00f3rio da Unidade Dom Bosco. O servi\u00e7o est\u00e1\ndispon\u00edvel 24 horas por dia.<\/p>\n\n\n\n<p>No final de semana novamente algumas Unidades B\u00e1sicas de Sa\u00fade estavam abertas no per\u00edodo da manh\u00e3, das 07h30min \u00e0s 11h30min. As UBSs: Agr\u00edcola e Pereira funcionaram no s\u00e1bado com hor\u00e1rio ampliado para o monitoramento, hidrata\u00e7\u00e3o com soro e consultas aos pacientes em acompanhamento. Al\u00e9m disso, os agentes de endemias realizaram a\u00e7\u00f5es de preven\u00e7\u00e3o, com aplica\u00e7\u00e3o de inseticida em locais p\u00fablicos e nos bairros com alto \u00edndice de infesta\u00e7\u00e3o. <\/p>\n\n\n\n<figure class=\"wp-block-image\"><img loading=\"lazy\" decoding=\"async\" width=\"819\" height=\"1024\" src=\"https:\/\/www.fumssar.com.br\/wp-content\/uploads\/2024\/04\/WhatsApp-Image-2024-04-02-at-11.47.32-AM-819x1024.jpeg\" alt=\"\" class=\"wp-image-26611\" srcset=\"https:\/\/www.fumssar.com.br\/wp-content\/uploads\/2024\/04\/WhatsApp-Image-2024-04-02-at-11.47.32-AM-819x1024.jpeg 819w, https:\/\/www.fumssar.com.br\/wp-content\/uploads\/2024\/04\/WhatsApp-Image-2024-04-02-at-11.47.32-AM-240x300.jpeg 240w, https:\/\/www.fumssar.com.br\/wp-content\/uploads\/2024\/04\/WhatsApp-Image-2024-04-02-at-11.47.32-AM-768x960.jpeg 768w, https:\/\/www.fumssar.com.br\/wp-content\/uploads\/2024\/04\/WhatsApp-Image-2024-04-02-at-11.47.32-AM-1024x1280.jpeg 1024w, https:\/\/www.fumssar.com.br\/wp-content\/uploads\/2024\/04\/WhatsApp-Image-2024-04-02-at-11.47.32-AM.jpeg 1080w\" sizes=\"(max-width: 819px) 100vw, 819px\" \/><\/figure>\n","protected":false},"excerpt":{"rendered":"<p>Nesta ter\u00e7a-feira (02\/04), o n\u00famero de casos confirmados de dengue em Santa Rosa \u00e9 de&#8230;<\/p>\n","protected":false},"author":36,"featured_media":26612,"comment_status":"closed","ping_status":"closed","sticky":false,"template":"","format":"standard","meta":{"footnotes":""},"categories":[2],"tags":[],"_links":{"self":[{"href":"https:\/\/www.fumssar.com.br\/index.php?rest_route=\/wp\/v2\/posts\/26609"}],"collection":[{"href":"https:\/\/www.fumssar.com.br\/index.php?rest_route=\/wp\/v2\/posts"}],"about":[{"href":"https:\/\/www.fumssar.com.br\/index.php?rest_route=\/wp\/v2\/types\/post"}],"author":[{"embeddable":true,"href":"https:\/\/www.fumssar.com.br\/index.php?rest_route=\/wp\/v2\/users\/36"}],"replies":[{"embeddable":true,"href":"https:\/\/www.fumssar.com.br\/index.php?rest_route=%2Fwp%2Fv2%2Fcomments&post=26609"}],"version-history":[{"count":1,"href":"https:\/\/www.fumssar.com.br\/index.php?rest_route=\/wp\/v2\/posts\/26609\/revisions"}],"predecessor-version":[{"id":26613,"href":"https:\/\/www.fumssar.com.br\/index.php?rest_route=\/wp\/v2\/posts\/26609\/revisions\/26613"}],"wp:featuredmedia":[{"embeddable":true,"href":"https:\/\/www.fumssar.com.br\/index.php?rest_route=\/wp\/v2\/media\/26612"}],"wp:attachment":[{"href":"https:\/\/www.fumssar.com.br\/index.php?rest_route=%2Fwp%2Fv2%2Fmedia&parent=26609"}],"wp:term":[{"taxonomy":"category","embeddable":true,"href":"https:\/\/www.fumssar.com.br\/index.php?rest_route=%2Fwp%2Fv2%2Fcategories&post=26609"},{"taxonomy":"post_tag","embeddable":true,"href":"https:\/\/www.fumssar.com.br\/index.php?rest_route=%2Fwp%2Fv2%2Ftags&post=26609"}],"curies":[{"name":"wp","href":"https:\/\/api.w.org\/{rel}","templated":true}]}}