{"id":26564,"date":"2024-03-25T17:09:32","date_gmt":"2024-03-25T20:09:32","guid":{"rendered":"http:\/\/www.fumssar.com.br\/?p=26564"},"modified":"2024-10-07T16:29:50","modified_gmt":"2024-10-07T19:29:50","slug":"vacinacao-contra-a-gripe-inicia-nesta-terca-feira","status":"publish","type":"post","link":"https:\/\/www.fumssar.com.br\/?p=26564","title":{"rendered":"Vacina\u00e7\u00e3o contra a gripe inicia nesta ter\u00e7a-feira"},"content":{"rendered":"\n<figure class=\"wp-block-image\"><img loading=\"lazy\" decoding=\"async\" width=\"860\" height=\"645\" src=\"https:\/\/www.fumssar.com.br\/wp-content\/uploads\/2024\/03\/Formato-Site-e-Portal-860X645-JPG-2024-03-25T170314.825.jpg\" alt=\"\" class=\"wp-image-26565\" srcset=\"https:\/\/www.fumssar.com.br\/wp-content\/uploads\/2024\/03\/Formato-Site-e-Portal-860X645-JPG-2024-03-25T170314.825.jpg 860w, https:\/\/www.fumssar.com.br\/wp-content\/uploads\/2024\/03\/Formato-Site-e-Portal-860X645-JPG-2024-03-25T170314.825-300x225.jpg 300w, https:\/\/www.fumssar.com.br\/wp-content\/uploads\/2024\/03\/Formato-Site-e-Portal-860X645-JPG-2024-03-25T170314.825-768x576.jpg 768w\" sizes=\"(max-width: 860px) 100vw, 860px\" \/><\/figure>\n\n\n\n<p>A\ncampanha anual de vacina\u00e7\u00e3o contra a gripe ter\u00e1 in\u00edcio nesta ter\u00e7a-feira (26),\nem Santa Rosa. A Funda\u00e7\u00e3o Municipal de Sa\u00fade de Santa Rosa informa a popula\u00e7\u00e3o\nque a imuniza\u00e7\u00e3o contra o v\u00edrus influenza (gripe), vai estar dispon\u00edvel em\ntodas as Unidades B\u00e1sicas de Sa\u00fade, nas ter\u00e7as e quartas-feiras, das 17h30min\n\u00e0s 19h.<\/p>\n\n\n\n<p>Para\nreduzir as complica\u00e7\u00f5es, interna\u00e7\u00f5es e \u00f3bitos causados pelo v\u00edrus influenza, a\ncampanha foi antecipada. O objetivo \u00e9 garantir a prote\u00e7\u00e3o dos p\u00fablicos mais\nvulner\u00e1veis o mais breve poss\u00edvel. A vacina\u00e7\u00e3o estar\u00e1 dispon\u00edvel para todos os\ngrupos priorit\u00e1rios elencados pelo Minist\u00e9rio da Sa\u00fade. Com a chegada do\noutono, ocorre um aumento das doen\u00e7as respirat\u00f3rias como rinite, sinusite,\ngripes e resfriados. A Diretora da Aten\u00e7\u00e3o B\u00e1sica da FUMSSAR, Dra. Fabiana\nBreitenbach, explica que a mudan\u00e7a de esta\u00e7\u00e3o propicia o aumento de casos e a\nvacina\u00e7\u00e3o pode prevenir esse cen\u00e1rio, \u201cEsse per\u00edodo acentua as doen\u00e7as\nrespirat\u00f3rias agudas, por isso, para evitar a prolifera\u00e7\u00e3o do v\u00edrus, \u00e9\nfundamental adotar as medidas de preven\u00e7\u00e3o realizar a imuniza\u00e7\u00e3o\u201d.<\/p>\n\n\n\n<p>As\ndoses ofertadas s\u00e3o trivalentes, ou seja, protegem contra influenza A (H1N1 e\nH3N2) e o influenza B. \u00c9 importante destacar que n\u00e3o h\u00e1 impedimento em receber,\nno mesmo dia, a vacina contra a gripe juntamente com outras vacinas.<\/p>\n\n\n\n<p><strong><em>Documentos\nNecess\u00e1rios:<\/em><\/strong><\/p>\n\n\n\n<p>Para\nser vacinado contra a gripe, \u00e9 necess\u00e1rio levar documento com foto e a\ncaderneta de vacina\u00e7\u00e3o. Os trabalhadores da sa\u00fade e professores devem\napresentar comprovante de v\u00ednculo ativo com a institui\u00e7\u00e3o em que atuam (crach\u00e1,\nholerite etc.). As gestantes devem apresentar carteira de pr\u00e9-natal e as\npu\u00e9rperas, comprovante de realiza\u00e7\u00e3o do parto at\u00e9 45 dias antes. Confira a\nseguir, a lista com todos os grupos priorit\u00e1rios:<\/p>\n\n\n\n<ul><li>Pessoas acima de 60 anos<\/li><li>Crian\u00e7as de 6 meses at\u00e9 menores de 6 anos<\/li><li>Gestantes<\/li><li>Pu\u00e9rperas (at\u00e9 45 dias ap\u00f3s o parto)<\/li><li>Profissionais de sa\u00fade<\/li><li>Professores<\/li><li>Pessoas com defici\u00eancia permanente<\/li><li>Pessoas com doen\u00e7as cr\u00f4nicas n\u00e3o transmiss\u00edveis e outras condi\u00e7\u00f5es\n     cl\u00ednicas especiais<\/li><li>Profissionais de transporte coletivo rodovi\u00e1rio<\/li><li>Caminhoneiros<\/li><li>Profissionais portu\u00e1rios<\/li><li>Profissionais das for\u00e7as de seguran\u00e7a e salvamento<\/li><li>Profissionais das For\u00e7as Armadas<\/li><li>Pessoas em situa\u00e7\u00e3o de rua<\/li><li>Ind\u00edgenas | Quilombolas<\/li><\/ul>\n","protected":false},"excerpt":{"rendered":"<p>A campanha anual de vacina\u00e7\u00e3o contra a gripe ter\u00e1 in\u00edcio nesta ter\u00e7a-feira (26), em Santa&#8230;<\/p>\n","protected":false},"author":36,"featured_media":26566,"comment_status":"closed","ping_status":"closed","sticky":false,"template":"","format":"standard","meta":{"footnotes":""},"categories":[2],"tags":[],"_links":{"self":[{"href":"https:\/\/www.fumssar.com.br\/index.php?rest_route=\/wp\/v2\/posts\/26564"}],"collection":[{"href":"https:\/\/www.fumssar.com.br\/index.php?rest_route=\/wp\/v2\/posts"}],"about":[{"href":"https:\/\/www.fumssar.com.br\/index.php?rest_route=\/wp\/v2\/types\/post"}],"author":[{"embeddable":true,"href":"https:\/\/www.fumssar.com.br\/index.php?rest_route=\/wp\/v2\/users\/36"}],"replies":[{"embeddable":true,"href":"https:\/\/www.fumssar.com.br\/index.php?rest_route=%2Fwp%2Fv2%2Fcomments&post=26564"}],"version-history":[{"count":1,"href":"https:\/\/www.fumssar.com.br\/index.php?rest_route=\/wp\/v2\/posts\/26564\/revisions"}],"predecessor-version":[{"id":26567,"href":"https:\/\/www.fumssar.com.br\/index.php?rest_route=\/wp\/v2\/posts\/26564\/revisions\/26567"}],"wp:featuredmedia":[{"embeddable":true,"href":"https:\/\/www.fumssar.com.br\/index.php?rest_route=\/wp\/v2\/media\/26566"}],"wp:attachment":[{"href":"https:\/\/www.fumssar.com.br\/index.php?rest_route=%2Fwp%2Fv2%2Fmedia&parent=26564"}],"wp:term":[{"taxonomy":"category","embeddable":true,"href":"https:\/\/www.fumssar.com.br\/index.php?rest_route=%2Fwp%2Fv2%2Fcategories&post=26564"},{"taxonomy":"post_tag","embeddable":true,"href":"https:\/\/www.fumssar.com.br\/index.php?rest_route=%2Fwp%2Fv2%2Ftags&post=26564"}],"curies":[{"name":"wp","href":"https:\/\/api.w.org\/{rel}","templated":true}]}}