{"id":26550,"date":"2024-03-22T15:10:19","date_gmt":"2024-03-22T18:10:19","guid":{"rendered":"http:\/\/www.fumssar.com.br\/?p=26550"},"modified":"2024-10-07T16:29:50","modified_gmt":"2024-10-07T19:29:50","slug":"fumssar-intensifica-acoes-de-combate-a-dengue-e-de-prevencao-da-doenca","status":"publish","type":"post","link":"https:\/\/www.fumssar.com.br\/?p=26550","title":{"rendered":"FUMSSAR intensifica a\u00e7\u00f5es de combate \u00e0 dengue e de preven\u00e7\u00e3o da doen\u00e7a"},"content":{"rendered":"\n<figure class=\"wp-block-image\"><img loading=\"lazy\" decoding=\"async\" width=\"860\" height=\"645\" src=\"https:\/\/www.fumssar.com.br\/wp-content\/uploads\/2024\/03\/Formato-Site-e-Portal-860X645-JPG-2024-03-22T144506.459.jpg\" alt=\"\" class=\"wp-image-26551\" srcset=\"https:\/\/www.fumssar.com.br\/wp-content\/uploads\/2024\/03\/Formato-Site-e-Portal-860X645-JPG-2024-03-22T144506.459.jpg 860w, https:\/\/www.fumssar.com.br\/wp-content\/uploads\/2024\/03\/Formato-Site-e-Portal-860X645-JPG-2024-03-22T144506.459-300x225.jpg 300w, https:\/\/www.fumssar.com.br\/wp-content\/uploads\/2024\/03\/Formato-Site-e-Portal-860X645-JPG-2024-03-22T144506.459-768x576.jpg 768w\" sizes=\"(max-width: 860px) 100vw, 860px\" \/><\/figure>\n\n\n\n<p>Nesta sexta-feira (22), o n\u00famero de casos confirmados de\ndengue em Santa Rosa \u00e9 de 3.473. Os casos aumentaram e as a\u00e7\u00f5es est\u00e3o sendo\nintensificadas em toda a cidade. Os dados v\u00eam sendo atualizados diariamente\nmediante boletim divulgado pela Funda\u00e7\u00e3o Municipal de Sa\u00fade e pela 14\u00aa\nCoordenadoria Regional de Sa\u00fade \u2013 14\u00aa CRS.<\/p>\n\n\n\n<p>Neste s\u00e1bado (23), novamente algumas Unidades B\u00e1sicas de\nSa\u00fade v\u00e3o estar abertas no per\u00edodo da manh\u00e3, das 07h30min \u00e0s 11h30min. As UBSs:\nCruzeiro do Sul e Planalto ir\u00e3o funcionar com hor\u00e1rio ampliado para o\nmonitoramento, hidrata\u00e7\u00e3o com soro e consultas aos pacientes em acompanhamento.\nAinda no final de semana, os agentes de endemias v\u00e3o continuar com as a\u00e7\u00f5es de\npreven\u00e7\u00e3o, com aplica\u00e7\u00e3o de inseticida em locais p\u00fablicos e nos bairros com\nalto \u00edndice de infesta\u00e7\u00e3o. A Dra. Fabiana Breitenbach, Diretora da Aten\u00e7\u00e3o\nB\u00e1sica da FUMSSAR, ressalta que o trabalho est\u00e1 acontecendo em todo o munic\u00edpio\ne que \u00e9 necess\u00e1rio que a popula\u00e7\u00e3o fa\u00e7a sua parte, \u201cPrecisamos da ajuda de\ntodos. Cada cidad\u00e3o \u00e9 correspons\u00e1vel na tarefa de frear a dissemina\u00e7\u00e3o do\nv\u00edrus. A dengue n\u00e3o \u00e9 brincadeira e pode voltar mesmo em quem j\u00e1 teve a doen\u00e7a.\nVamos juntos, tomar as medidas necess\u00e1rias e proteger nossas casas e as nossas\nfam\u00edlias\u201d.<\/p>\n\n\n\n<p>A FUMSSAR alerta tamb\u00e9m para que as pessoas fa\u00e7am uso do\nrepelente e em caso de sintomas como: febre, dor no corpo, dor nas\narticula\u00e7\u00f5es, dor de cabe\u00e7a, dor atr\u00e1s dos olhos, n\u00e1usea, v\u00f4mito e diarreia,\nprocurem a Unidade de Sa\u00fade mais pr\u00f3xima.<\/p>\n","protected":false},"excerpt":{"rendered":"<p>Nesta sexta-feira (22), o n\u00famero de casos confirmados de dengue em Santa Rosa \u00e9 de&#8230;<\/p>\n","protected":false},"author":36,"featured_media":26552,"comment_status":"closed","ping_status":"closed","sticky":false,"template":"","format":"standard","meta":{"footnotes":""},"categories":[2],"tags":[],"_links":{"self":[{"href":"https:\/\/www.fumssar.com.br\/index.php?rest_route=\/wp\/v2\/posts\/26550"}],"collection":[{"href":"https:\/\/www.fumssar.com.br\/index.php?rest_route=\/wp\/v2\/posts"}],"about":[{"href":"https:\/\/www.fumssar.com.br\/index.php?rest_route=\/wp\/v2\/types\/post"}],"author":[{"embeddable":true,"href":"https:\/\/www.fumssar.com.br\/index.php?rest_route=\/wp\/v2\/users\/36"}],"replies":[{"embeddable":true,"href":"https:\/\/www.fumssar.com.br\/index.php?rest_route=%2Fwp%2Fv2%2Fcomments&post=26550"}],"version-history":[{"count":1,"href":"https:\/\/www.fumssar.com.br\/index.php?rest_route=\/wp\/v2\/posts\/26550\/revisions"}],"predecessor-version":[{"id":26553,"href":"https:\/\/www.fumssar.com.br\/index.php?rest_route=\/wp\/v2\/posts\/26550\/revisions\/26553"}],"wp:featuredmedia":[{"embeddable":true,"href":"https:\/\/www.fumssar.com.br\/index.php?rest_route=\/wp\/v2\/media\/26552"}],"wp:attachment":[{"href":"https:\/\/www.fumssar.com.br\/index.php?rest_route=%2Fwp%2Fv2%2Fmedia&parent=26550"}],"wp:term":[{"taxonomy":"category","embeddable":true,"href":"https:\/\/www.fumssar.com.br\/index.php?rest_route=%2Fwp%2Fv2%2Fcategories&post=26550"},{"taxonomy":"post_tag","embeddable":true,"href":"https:\/\/www.fumssar.com.br\/index.php?rest_route=%2Fwp%2Fv2%2Ftags&post=26550"}],"curies":[{"name":"wp","href":"https:\/\/api.w.org\/{rel}","templated":true}]}}