{"id":2655,"date":"2014-10-10T13:54:25","date_gmt":"2014-10-10T13:54:25","guid":{"rendered":"http:\/\/www.fumssar.com.br\/?p=2655"},"modified":"2024-10-07T16:36:16","modified_gmt":"2024-10-07T19:36:16","slug":"atividades-fisicas-na-rede-de-saude-tem-boa-aceitacao-da-comunidade","status":"publish","type":"post","link":"https:\/\/www.fumssar.com.br\/?p=2655","title":{"rendered":"Atividades f\u00edsicas na rede de sa\u00fade tem boa aceita\u00e7\u00e3o da comunidade"},"content":{"rendered":"<p>As atividades f\u00edsicas orientadas atrav\u00e9s do Programa \u201cPolo Academias de Sa\u00fade, que a Funda\u00e7\u00e3o Municipal de Sa\u00fade de Santa Rosa disponibiliza \u00e0 popula\u00e7\u00e3o, tem tido uma\u00a0 boa ades\u00e3o. Diariamente \u00a0um n\u00famero expressivo de pessoas\u00a0 participam das atividades desenvolvidas por tr\u00eas\u00a0 orientadores f\u00edsicos atrav\u00e9s de agendamento nas unidades de sa\u00fade. O\u00a0 programa prev\u00ea um acompanhamento multiprofissional \u00a0atrav\u00e9s dos diversos t\u00e9cnicos\u00a0 da rede b\u00e1sica de sa\u00fade. Muitos pacientes recebem atividades orientadas diante das limita\u00e7\u00f5es f\u00edsicas\u00a0 ou do estado de sa\u00fade em que se encontra, neste sentido alguns recebem tratamento em seus lares por profissionais. As academias de sa\u00fade est\u00e3o sendo muito utilizadas pela comunidade tanto nos hor\u00e1rios em que os profissionais orientam e tamb\u00e9m\u00a0 de forma\u00a0 individual.<a href=\"http:\/\/www.fumssar.com.br\/wp-content\/uploads\/2014\/10\/atividade-3.jpg\"><img loading=\"lazy\" decoding=\"async\" class=\"alignnone size-medium wp-image-2657\" alt=\"atividade 3\" src=\"http:\/\/www.fumssar.com.br\/wp-content\/uploads\/2014\/10\/atividade-3-300x225.jpg\" width=\"300\" height=\"225\" srcset=\"https:\/\/www.fumssar.com.br\/wp-content\/uploads\/2014\/10\/atividade-3-300x225.jpg 300w, https:\/\/www.fumssar.com.br\/wp-content\/uploads\/2014\/10\/atividade-3.jpg 640w\" sizes=\"(max-width: 300px) 100vw, 300px\" \/><\/a><a href=\"http:\/\/www.fumssar.com.br\/wp-content\/uploads\/2014\/10\/atividade-fisica.jpg\"><img loading=\"lazy\" decoding=\"async\" class=\"alignnone size-medium wp-image-2658\" alt=\"atividade fisica\" src=\"http:\/\/www.fumssar.com.br\/wp-content\/uploads\/2014\/10\/atividade-fisica-300x225.jpg\" width=\"300\" height=\"225\" srcset=\"https:\/\/www.fumssar.com.br\/wp-content\/uploads\/2014\/10\/atividade-fisica-300x225.jpg 300w, https:\/\/www.fumssar.com.br\/wp-content\/uploads\/2014\/10\/atividade-fisica.jpg 640w\" sizes=\"(max-width: 300px) 100vw, 300px\" \/><\/a><\/p>\n","protected":false},"excerpt":{"rendered":"<p>As atividades f\u00edsicas orientadas atrav\u00e9s do Programa \u201cPolo Academias de Sa\u00fade, que a Funda\u00e7\u00e3o Municipal&#8230;<\/p>\n","protected":false},"author":11,"featured_media":2656,"comment_status":"open","ping_status":"open","sticky":false,"template":"","format":"standard","meta":{"footnotes":""},"categories":[2],"tags":[],"_links":{"self":[{"href":"https:\/\/www.fumssar.com.br\/index.php?rest_route=\/wp\/v2\/posts\/2655"}],"collection":[{"href":"https:\/\/www.fumssar.com.br\/index.php?rest_route=\/wp\/v2\/posts"}],"about":[{"href":"https:\/\/www.fumssar.com.br\/index.php?rest_route=\/wp\/v2\/types\/post"}],"author":[{"embeddable":true,"href":"https:\/\/www.fumssar.com.br\/index.php?rest_route=\/wp\/v2\/users\/11"}],"replies":[{"embeddable":true,"href":"https:\/\/www.fumssar.com.br\/index.php?rest_route=%2Fwp%2Fv2%2Fcomments&post=2655"}],"version-history":[{"count":1,"href":"https:\/\/www.fumssar.com.br\/index.php?rest_route=\/wp\/v2\/posts\/2655\/revisions"}],"predecessor-version":[{"id":2659,"href":"https:\/\/www.fumssar.com.br\/index.php?rest_route=\/wp\/v2\/posts\/2655\/revisions\/2659"}],"wp:featuredmedia":[{"embeddable":true,"href":"https:\/\/www.fumssar.com.br\/index.php?rest_route=\/wp\/v2\/media\/2656"}],"wp:attachment":[{"href":"https:\/\/www.fumssar.com.br\/index.php?rest_route=%2Fwp%2Fv2%2Fmedia&parent=2655"}],"wp:term":[{"taxonomy":"category","embeddable":true,"href":"https:\/\/www.fumssar.com.br\/index.php?rest_route=%2Fwp%2Fv2%2Fcategories&post=2655"},{"taxonomy":"post_tag","embeddable":true,"href":"https:\/\/www.fumssar.com.br\/index.php?rest_route=%2Fwp%2Fv2%2Ftags&post=2655"}],"curies":[{"name":"wp","href":"https:\/\/api.w.org\/{rel}","templated":true}]}}