{"id":26509,"date":"2024-03-18T18:35:08","date_gmt":"2024-03-18T21:35:08","guid":{"rendered":"http:\/\/www.fumssar.com.br\/?p=26509"},"modified":"2024-10-07T16:29:50","modified_gmt":"2024-10-07T19:29:50","slug":"fumssar-intensifica-combate-a-dengue","status":"publish","type":"post","link":"https:\/\/www.fumssar.com.br\/?p=26509","title":{"rendered":"FUMSSAR intensifica combate \u00e0 dengue"},"content":{"rendered":"\n<figure class=\"wp-block-image\"><img loading=\"lazy\" decoding=\"async\" width=\"1024\" height=\"768\" src=\"https:\/\/www.fumssar.com.br\/wp-content\/uploads\/2024\/03\/mutir\u00e3o-dengue-1024x768.jpeg\" alt=\"\" class=\"wp-image-26510\" srcset=\"https:\/\/www.fumssar.com.br\/wp-content\/uploads\/2024\/03\/mutir\u00e3o-dengue-1024x768.jpeg 1024w, https:\/\/www.fumssar.com.br\/wp-content\/uploads\/2024\/03\/mutir\u00e3o-dengue-300x225.jpeg 300w, https:\/\/www.fumssar.com.br\/wp-content\/uploads\/2024\/03\/mutir\u00e3o-dengue-768x576.jpeg 768w, https:\/\/www.fumssar.com.br\/wp-content\/uploads\/2024\/03\/mutir\u00e3o-dengue.jpeg 1600w\" sizes=\"(max-width: 1024px) 100vw, 1024px\" \/><\/figure>\n\n\n\n<p>Nesta segunda-feira (18), o n\u00famero de casos confirmados\nde dengue em Santa Rosa \u00e9 de 2.586. Os casos aumentaram e as a\u00e7\u00f5es est\u00e3o sendo\nintensificadas em toda a cidade. O Estado tamb\u00e9m confirmou mais 02 \u00f3bitos por\ndengue no munic\u00edpio (01 homem de 75 anos e uma mulher de 81 anos). <\/p>\n\n\n\n<p>No s\u00e1bado, quatro Unidades B\u00e1sicas de Sa\u00fade\nestiveram abertas. As UBSs: Agr\u00edcola e J\u00falio de Oliveira funcionaram com\nhor\u00e1rio ampliado para o monitoramento, hidrata\u00e7\u00e3o com soro e consultas aos\npacientes em acompanhamento. Ainda no final de semana, os agentes de endemias\nrealizaram um mutir\u00e3o e aplica\u00e7\u00e3o de inseticidas nas localidades com alto\n\u00edndice de infesta\u00e7\u00e3o. O trabalho est\u00e1 sendo intensificado em todo o munic\u00edpio.\nA Dra. Fabiana Breitenbach, Diretora da Aten\u00e7\u00e3o B\u00e1sica da FUMSSAR, ressalta que\n\u00e9 necess\u00e1rio um esfor\u00e7o coletivo para frear a dissemina\u00e7\u00e3o da doen\u00e7a, \u201cEstamos\npedindo para que a popula\u00e7\u00e3o redobre os cuidados para evitar a prolifera\u00e7\u00e3o do\nmosquito. Todos j\u00e1 conhecem as dicas de preven\u00e7\u00e3o e \u00e9 fundamental que cada\ncidad\u00e3o vistorie o seu p\u00e1tio e fa\u00e7a sua parte\u201d.<\/p>\n\n\n\n<p>Fabiana ressalta ainda, que as pessoas com sintomas\nde febre, dor no corpo e nas articula\u00e7\u00f5es, dor de cabe\u00e7a e dor atr\u00e1s dos olhos,\nn\u00e1usea, v\u00f4mito e diarreia, devem procurar a Unidade de Sa\u00fade.<\/p>\n","protected":false},"excerpt":{"rendered":"<p>Nesta segunda-feira (18), o n\u00famero de casos confirmados de dengue em Santa Rosa \u00e9 de&#8230;<\/p>\n","protected":false},"author":36,"featured_media":26510,"comment_status":"closed","ping_status":"closed","sticky":false,"template":"","format":"standard","meta":{"footnotes":""},"categories":[2],"tags":[],"_links":{"self":[{"href":"https:\/\/www.fumssar.com.br\/index.php?rest_route=\/wp\/v2\/posts\/26509"}],"collection":[{"href":"https:\/\/www.fumssar.com.br\/index.php?rest_route=\/wp\/v2\/posts"}],"about":[{"href":"https:\/\/www.fumssar.com.br\/index.php?rest_route=\/wp\/v2\/types\/post"}],"author":[{"embeddable":true,"href":"https:\/\/www.fumssar.com.br\/index.php?rest_route=\/wp\/v2\/users\/36"}],"replies":[{"embeddable":true,"href":"https:\/\/www.fumssar.com.br\/index.php?rest_route=%2Fwp%2Fv2%2Fcomments&post=26509"}],"version-history":[{"count":1,"href":"https:\/\/www.fumssar.com.br\/index.php?rest_route=\/wp\/v2\/posts\/26509\/revisions"}],"predecessor-version":[{"id":26511,"href":"https:\/\/www.fumssar.com.br\/index.php?rest_route=\/wp\/v2\/posts\/26509\/revisions\/26511"}],"wp:featuredmedia":[{"embeddable":true,"href":"https:\/\/www.fumssar.com.br\/index.php?rest_route=\/wp\/v2\/media\/26510"}],"wp:attachment":[{"href":"https:\/\/www.fumssar.com.br\/index.php?rest_route=%2Fwp%2Fv2%2Fmedia&parent=26509"}],"wp:term":[{"taxonomy":"category","embeddable":true,"href":"https:\/\/www.fumssar.com.br\/index.php?rest_route=%2Fwp%2Fv2%2Fcategories&post=26509"},{"taxonomy":"post_tag","embeddable":true,"href":"https:\/\/www.fumssar.com.br\/index.php?rest_route=%2Fwp%2Fv2%2Ftags&post=26509"}],"curies":[{"name":"wp","href":"https:\/\/api.w.org\/{rel}","templated":true}]}}