{"id":2646,"date":"2014-10-09T20:17:12","date_gmt":"2014-10-09T20:17:12","guid":{"rendered":"http:\/\/www.fumssar.com.br\/?p=2646"},"modified":"2024-10-07T16:36:16","modified_gmt":"2024-10-07T19:36:16","slug":"outubro-rosa-foi-marcado-em-cha-de-confraternizacao-pela-unidade-de-saude-da-pereira","status":"publish","type":"post","link":"https:\/\/www.fumssar.com.br\/?p=2646","title":{"rendered":"Outubro Rosa foi marcado em Ch\u00e1 de confraterniza\u00e7\u00e3o pela Unidade de Sa\u00fade da Pereira"},"content":{"rendered":"<p style=\"text-align: center\">Dentre as diversas atividades realizadas no \u201cOutubro Rosa\u201d, a unidade de sa\u00fade da Vila Pereira realizou na tarde desta quarta-feira, 8, um ch\u00e1 de confraterniza\u00e7\u00e3o. No encontro teve palestras, atividades f\u00edsicas e de descontra\u00e7\u00e3o, bem como a realiza\u00e7\u00e3o de um desfile de modas. Um p\u00fablico significativo compareceu na atividade que serve que j\u00e1 est\u00e1 na sua oitava edi\u00e7\u00e3o e\u00a0 tem como objetivo\u00a0 \u00a0chamar a aten\u00e7\u00e3o para a descoberta precoce do c\u00e2ncer de mama. Durante o m\u00eas de outubro\u00a0 v\u00e1rias entidades e \u00f3rg\u00e3os realizam a\u00e7\u00f5es\u00a0 sobre o tema, alertando as mulheres para a preven\u00e7\u00e3o e detec\u00e7\u00e3o da doen\u00e7a. Sedinir Tizoti coordenador da unidade\u00a0 explicou que h\u00e1\u00a0 oito anos eles realizam o ch\u00e1 no m\u00eas de outubro, e\u00a0 a cada ano o p\u00fablico vem aumentando, sendo um marco importante dentro da comunidade. \u201cAl\u00e9m de ser um evento\u00a0 de alerta sobre o Outubro Rosa, o evento serve de confraterniza\u00e7\u00e3o com um envolvimento expressivo da comunidade\u201d destacou\u00a0 o coordenador. O presidente da Funda\u00e7\u00e3o Municipal de Sa\u00fade Dr. Lu\u00eds Ant\u00f4nio Benvegn\u00fa, prestigiou\u00a0 o evento e, destacou a import\u00e2ncia do encontro que serve como um dos instrumentos de alerta para as mulheres num momento de confraterniza\u00e7\u00e3o\u00a0 refletirem sobre a preven\u00e7\u00e3o e o tratamento do c\u00e2ncer de mama.\u00a0 Benvegn\u00fa\u00a0 ressaltou que\u00a0 a rede b\u00e1sica de sa\u00fade da FUMSSAR, disp\u00f5e de\u00a0 diversos servi\u00e7os para a sa\u00fade da mulher, com profissionais capacitados dentro das unidades e nos demais servi\u00e7os prestados. \u201c Temos um servi\u00e7o qualificado tanto na preven\u00e7\u00e3o, quanto no tratamento \u00e0 disposi\u00e7\u00e3o de nossa comunidade\u201d Destacou o presidente que parabenizou a equipe<\/p>\n<p style=\"text-align: center\">da unidade pela iniciativa e a comunidade que esteve envolvida no evento.<\/p>\n<p style=\"text-align: center\"><a href=\"http:\/\/www.fumssar.com.br\/wp-content\/uploads\/2014\/10\/CHA-PEREIRA-3.jpg\"><img loading=\"lazy\" decoding=\"async\" class=\"alignnone size-medium wp-image-2649\" alt=\"CHA PEREIRA 3\" src=\"http:\/\/www.fumssar.com.br\/wp-content\/uploads\/2014\/10\/CHA-PEREIRA-3-300x225.jpg\" width=\"300\" height=\"225\" srcset=\"https:\/\/www.fumssar.com.br\/wp-content\/uploads\/2014\/10\/CHA-PEREIRA-3-300x225.jpg 300w, https:\/\/www.fumssar.com.br\/wp-content\/uploads\/2014\/10\/CHA-PEREIRA-3.jpg 640w\" sizes=\"(max-width: 300px) 100vw, 300px\" \/><\/a><\/p>\n<p style=\"text-align: center\"><a href=\"http:\/\/www.fumssar.com.br\/wp-content\/uploads\/2014\/10\/CHA-PEREIRA.jpg\"><img loading=\"lazy\" decoding=\"async\" class=\"size-medium wp-image-2648 aligncenter\" alt=\"CHA PEREIRA\" src=\"http:\/\/www.fumssar.com.br\/wp-content\/uploads\/2014\/10\/CHA-PEREIRA-300x225.jpg\" width=\"300\" height=\"225\" srcset=\"https:\/\/www.fumssar.com.br\/wp-content\/uploads\/2014\/10\/CHA-PEREIRA-300x225.jpg 300w, https:\/\/www.fumssar.com.br\/wp-content\/uploads\/2014\/10\/CHA-PEREIRA.jpg 640w\" sizes=\"(max-width: 300px) 100vw, 300px\" \/><\/a><\/p>\n","protected":false},"excerpt":{"rendered":"<p>Dentre as diversas atividades realizadas no \u201cOutubro Rosa\u201d, a unidade de sa\u00fade da Vila Pereira&#8230;<\/p>\n","protected":false},"author":11,"featured_media":2647,"comment_status":"open","ping_status":"open","sticky":false,"template":"","format":"standard","meta":{"footnotes":""},"categories":[2],"tags":[],"_links":{"self":[{"href":"https:\/\/www.fumssar.com.br\/index.php?rest_route=\/wp\/v2\/posts\/2646"}],"collection":[{"href":"https:\/\/www.fumssar.com.br\/index.php?rest_route=\/wp\/v2\/posts"}],"about":[{"href":"https:\/\/www.fumssar.com.br\/index.php?rest_route=\/wp\/v2\/types\/post"}],"author":[{"embeddable":true,"href":"https:\/\/www.fumssar.com.br\/index.php?rest_route=\/wp\/v2\/users\/11"}],"replies":[{"embeddable":true,"href":"https:\/\/www.fumssar.com.br\/index.php?rest_route=%2Fwp%2Fv2%2Fcomments&post=2646"}],"version-history":[{"count":2,"href":"https:\/\/www.fumssar.com.br\/index.php?rest_route=\/wp\/v2\/posts\/2646\/revisions"}],"predecessor-version":[{"id":2651,"href":"https:\/\/www.fumssar.com.br\/index.php?rest_route=\/wp\/v2\/posts\/2646\/revisions\/2651"}],"wp:featuredmedia":[{"embeddable":true,"href":"https:\/\/www.fumssar.com.br\/index.php?rest_route=\/wp\/v2\/media\/2647"}],"wp:attachment":[{"href":"https:\/\/www.fumssar.com.br\/index.php?rest_route=%2Fwp%2Fv2%2Fmedia&parent=2646"}],"wp:term":[{"taxonomy":"category","embeddable":true,"href":"https:\/\/www.fumssar.com.br\/index.php?rest_route=%2Fwp%2Fv2%2Fcategories&post=2646"},{"taxonomy":"post_tag","embeddable":true,"href":"https:\/\/www.fumssar.com.br\/index.php?rest_route=%2Fwp%2Fv2%2Ftags&post=2646"}],"curies":[{"name":"wp","href":"https:\/\/api.w.org\/{rel}","templated":true}]}}