{"id":26448,"date":"2024-03-12T10:15:31","date_gmt":"2024-03-12T13:15:31","guid":{"rendered":"http:\/\/www.fumssar.com.br\/?p=26448"},"modified":"2024-10-07T16:29:50","modified_gmt":"2024-10-07T19:29:50","slug":"fumssar-intensificou-acoes-de-combate-a-dengue-no-final-de-semana","status":"publish","type":"post","link":"https:\/\/www.fumssar.com.br\/?p=26448","title":{"rendered":"FUMSSAR intensificou a\u00e7\u00f5es de combate \u00e0 dengue no final de semana"},"content":{"rendered":"\n<figure class=\"wp-block-image\"><img loading=\"lazy\" decoding=\"async\" width=\"860\" height=\"645\" src=\"https:\/\/www.fumssar.com.br\/wp-content\/uploads\/2024\/03\/Formato-Site-e-Portal-860X645-JPG-2024-03-12T093136.167.jpg\" alt=\"\" class=\"wp-image-26449\" srcset=\"https:\/\/www.fumssar.com.br\/wp-content\/uploads\/2024\/03\/Formato-Site-e-Portal-860X645-JPG-2024-03-12T093136.167.jpg 860w, https:\/\/www.fumssar.com.br\/wp-content\/uploads\/2024\/03\/Formato-Site-e-Portal-860X645-JPG-2024-03-12T093136.167-300x225.jpg 300w, https:\/\/www.fumssar.com.br\/wp-content\/uploads\/2024\/03\/Formato-Site-e-Portal-860X645-JPG-2024-03-12T093136.167-768x576.jpg 768w\" sizes=\"(max-width: 860px) 100vw, 860px\" \/><\/figure>\n\n\n\n<p>A\nPrefeitura de Santa Rosa, por meio da Funda\u00e7\u00e3o Municipal de Sa\u00fade, intensificou\nas a\u00e7\u00f5es de preven\u00e7\u00e3o e combate ao mosquito Aedes aegypti, transmissor da\ndengue, zika e chikungunya neste final de semana. Al\u00e9m do chamado trabalho\nmanejo e bloqueio, que consiste na identifica\u00e7\u00e3o e elimina\u00e7\u00e3o de focos e\npotenciais criadouros do mosquito, os agentes de endemias realizaram a\naplica\u00e7\u00e3o de inseticidas em locais p\u00fablicos do munic\u00edpio, mediante o uso da\nt\u00e9cnica da Borrifa\u00e7\u00e3o Residual Intradomiciliar &#8211; BRI. A aplica\u00e7\u00e3o foi realizada\nem todas as Unidades B\u00e1sicas de Sa\u00fade, UPA, Laborat\u00f3rio da FUMSSAR e Lar do\nIdoso.<\/p>\n\n\n\n<p>A\nBRI consiste na aplica\u00e7\u00e3o de inseticida com mais resolutividade. O m\u00e9todo \u00e9\nrecomendado pela Organiza\u00e7\u00e3o Mundial de Sa\u00fade \u2013 OMS, e pelo Centro para o\nControle e Preven\u00e7\u00e3o de Doen\u00e7as dos Estados Unidos. Al\u00e9m desta a\u00e7\u00e3o, a FUMSSAR\ntamb\u00e9m disponibilizou atendimento em hor\u00e1rio ampliado na manh\u00e3 de s\u00e1bado (09), para\npessoas com sintomas de dengue. As UBSs Planalto e Cruzeiro estiveram abertas\npara monitoramento, hidrata\u00e7\u00e3o com soro e consultas aos pacientes em\nacompanhamento. <\/p>\n\n\n\n<p>Conforme\no \u00faltimo boletim epidemiol\u00f3gico divulgado, o munic\u00edpio tem hoje, 2.457\nnotificados da doen\u00e7a. Destes, 1.579 s\u00e3o casos confirmados. A Diretora da\nAten\u00e7\u00e3o B\u00e1sica da FUMSSAR, Dra. Fabiana Breitenbach, refor\u00e7a que as a\u00e7\u00f5es v\u00eam\nsendo intensificadas, mas que \u00e9 fundamental que a popula\u00e7\u00e3o continue fazendo\nsua parte, \u201cEstamos realizando a\u00e7\u00f5es de preven\u00e7\u00e3o em todos os bairros de Santa\nRosa. Precisamos do apoio e conscientiza\u00e7\u00e3o da popula\u00e7\u00e3o para que fa\u00e7am sua\nparte e nos auxilie na elimina\u00e7\u00e3o dos criadouros do mosquito\u201d.<\/p>\n\n\n\n<p>Na\npr\u00f3xima quinta-feira (14), um novo mutir\u00e3o de recolhimento de lixo eletr\u00f4nico e\npneus ser\u00e1 realizado no munic\u00edpio, desta vez, no bairro Planalto. Al\u00e9m disso,\nas a\u00e7\u00f5es de vistoria nas resid\u00eancias seguem sendo realizadas em toda a cidade.<\/p>\n","protected":false},"excerpt":{"rendered":"<p>A Prefeitura de Santa Rosa, por meio da Funda\u00e7\u00e3o Municipal de Sa\u00fade, intensificou as a\u00e7\u00f5es&#8230;<\/p>\n","protected":false},"author":36,"featured_media":26450,"comment_status":"closed","ping_status":"closed","sticky":false,"template":"","format":"standard","meta":{"footnotes":""},"categories":[2],"tags":[],"_links":{"self":[{"href":"https:\/\/www.fumssar.com.br\/index.php?rest_route=\/wp\/v2\/posts\/26448"}],"collection":[{"href":"https:\/\/www.fumssar.com.br\/index.php?rest_route=\/wp\/v2\/posts"}],"about":[{"href":"https:\/\/www.fumssar.com.br\/index.php?rest_route=\/wp\/v2\/types\/post"}],"author":[{"embeddable":true,"href":"https:\/\/www.fumssar.com.br\/index.php?rest_route=\/wp\/v2\/users\/36"}],"replies":[{"embeddable":true,"href":"https:\/\/www.fumssar.com.br\/index.php?rest_route=%2Fwp%2Fv2%2Fcomments&post=26448"}],"version-history":[{"count":1,"href":"https:\/\/www.fumssar.com.br\/index.php?rest_route=\/wp\/v2\/posts\/26448\/revisions"}],"predecessor-version":[{"id":26451,"href":"https:\/\/www.fumssar.com.br\/index.php?rest_route=\/wp\/v2\/posts\/26448\/revisions\/26451"}],"wp:featuredmedia":[{"embeddable":true,"href":"https:\/\/www.fumssar.com.br\/index.php?rest_route=\/wp\/v2\/media\/26450"}],"wp:attachment":[{"href":"https:\/\/www.fumssar.com.br\/index.php?rest_route=%2Fwp%2Fv2%2Fmedia&parent=26448"}],"wp:term":[{"taxonomy":"category","embeddable":true,"href":"https:\/\/www.fumssar.com.br\/index.php?rest_route=%2Fwp%2Fv2%2Fcategories&post=26448"},{"taxonomy":"post_tag","embeddable":true,"href":"https:\/\/www.fumssar.com.br\/index.php?rest_route=%2Fwp%2Fv2%2Ftags&post=26448"}],"curies":[{"name":"wp","href":"https:\/\/api.w.org\/{rel}","templated":true}]}}