{"id":26380,"date":"2024-03-04T15:16:31","date_gmt":"2024-03-04T18:16:31","guid":{"rendered":"http:\/\/www.fumssar.com.br\/?p=26380"},"modified":"2024-10-07T16:29:50","modified_gmt":"2024-10-07T19:29:50","slug":"fumssar-realizou-mutirao-no-sabado-dia-d-de-combate-a-dengue","status":"publish","type":"post","link":"https:\/\/www.fumssar.com.br\/?p=26380","title":{"rendered":"FUMSSAR realizou mutir\u00e3o no s\u00e1bado: Dia D de combate \u00e0 dengue"},"content":{"rendered":"\n<figure class=\"wp-block-image\"><img loading=\"lazy\" decoding=\"async\" width=\"860\" height=\"645\" src=\"https:\/\/www.fumssar.com.br\/wp-content\/uploads\/2024\/03\/Formato-Site-e-Portal-860X645-JPG-2024-03-04T151017.032.jpg\" alt=\"\" class=\"wp-image-26381\" srcset=\"https:\/\/www.fumssar.com.br\/wp-content\/uploads\/2024\/03\/Formato-Site-e-Portal-860X645-JPG-2024-03-04T151017.032.jpg 860w, https:\/\/www.fumssar.com.br\/wp-content\/uploads\/2024\/03\/Formato-Site-e-Portal-860X645-JPG-2024-03-04T151017.032-300x225.jpg 300w, https:\/\/www.fumssar.com.br\/wp-content\/uploads\/2024\/03\/Formato-Site-e-Portal-860X645-JPG-2024-03-04T151017.032-768x576.jpg 768w\" sizes=\"(max-width: 860px) 100vw, 860px\" \/><\/figure>\n\n\n\n<p>O\nDia D de mobiliza\u00e7\u00e3o nacional contra a dengue aconteceu neste s\u00e1bado (02), em\ntodo o Brasil. A FUMSSAR, por meio dos agentes de endemias e agentes de sa\u00fade,\nrealizou um mutir\u00e3o em Santa Rosa. A a\u00e7\u00e3o contemplou o recolhimento de lixo e\nobjetos no bairro Planalto, al\u00e9m de panfletagem, dicas e informa\u00e7\u00f5es para\nprevenir a doen\u00e7a em toda a cidade. As equipes entregaram sacos de lixo para a\npopula\u00e7\u00e3o, conversaram com moradores e junto com a mascote do Aedes aegypt, passaram\ncom carro de som nos bairros, informando os cidad\u00e3os da import\u00e2ncia da\nconscientiza\u00e7\u00e3o e participa\u00e7\u00e3o no combate ao v\u00edrus. <\/p>\n\n\n\n<p>Conforme\no boletim epidemiol\u00f3gico divulgado nesta segunda-feira (04), o munic\u00edpio tem\nhoje, 965 casos confirmados e 1.503 notificados de dengue. O Presidente da FUMSSAR,\nD\u00e9lcio Stefan, refor\u00e7a que as a\u00e7\u00f5es v\u00eam sendo intensificadas, mas que \u00e9\nnecess\u00e1rio que a popula\u00e7\u00e3o continue fazendo sua parte, \u201cEstamos realizando\na\u00e7\u00f5es de preven\u00e7\u00e3o nas escolas, no com\u00e9rcio e nas salas de espera das Unidades\nB\u00e1sicas de Sa\u00fade, buscando conscientizar a popula\u00e7\u00e3o para que fa\u00e7am sua parte e\nnos auxilie na elimina\u00e7\u00e3o dos criadouros do mosquito\u201d.<\/p>\n\n\n\n<p>Com\naumento dos casos confirmados, a Funda\u00e7\u00e3o de Sa\u00fade iniciou na sexta-feira (01),\num experimento com drone para a aplica\u00e7\u00e3o de um produto biol\u00f3gico que elimina as\nlarvas do mosquito Aedes aegypti. O trabalho foi realizado inicialmente na vila\nNossa Senhora Aparecida, no bairro Cruzeiro, local onde se concentram as\nmaiores positiva\u00e7\u00f5es da doen\u00e7a. <\/p>\n\n\n\n<p>A\ndengue pode se manifestar de forma leve, moderada, ou grave, que \u00e9 o caso da\ndengue hemorr\u00e1gica. O per\u00edodo de incuba\u00e7\u00e3o, ou seja, o tempo que demora desde a\npicada do mosquito infectado at\u00e9 o aparecimento dos primeiros sintomas da\ndoen\u00e7a, \u00e9 de, em m\u00e9dia, 05 a 06 dias, conforme o Minist\u00e9rio da Sa\u00fade. Nos\nadultos, a primeira manifesta\u00e7\u00e3o dos sintomas da dengue, \u00e9 a febre alta, (39\u00baC\na 40\u00baC), de in\u00edcio repentino, que pode estar associada a dor de cabe\u00e7a,\nprostra\u00e7\u00e3o, dores musculares, nas juntas e atr\u00e1s dos olhos, vermelhid\u00e3o no\ncorpo (exantema) e coceira. A FUMSSAR orienta a popula\u00e7\u00e3o para que fa\u00e7a uso do\nrepelente e refor\u00e7a, que caso sejam observados sintomas da doen\u00e7a, o cidad\u00e3o mantenha\na hidrata\u00e7\u00e3o e procure uma Unidade B\u00e1sica de Sa\u00fade. Se houver algum sintoma\ngrave, o mesmo deve ir at\u00e9 a Unidade de Pronto Atendimento &#8211; UPA.<\/p>\n","protected":false},"excerpt":{"rendered":"<p>O Dia D de mobiliza\u00e7\u00e3o nacional contra a dengue aconteceu neste s\u00e1bado (02), em todo&#8230;<\/p>\n","protected":false},"author":36,"featured_media":26382,"comment_status":"closed","ping_status":"closed","sticky":false,"template":"","format":"standard","meta":{"footnotes":""},"categories":[2],"tags":[],"_links":{"self":[{"href":"https:\/\/www.fumssar.com.br\/index.php?rest_route=\/wp\/v2\/posts\/26380"}],"collection":[{"href":"https:\/\/www.fumssar.com.br\/index.php?rest_route=\/wp\/v2\/posts"}],"about":[{"href":"https:\/\/www.fumssar.com.br\/index.php?rest_route=\/wp\/v2\/types\/post"}],"author":[{"embeddable":true,"href":"https:\/\/www.fumssar.com.br\/index.php?rest_route=\/wp\/v2\/users\/36"}],"replies":[{"embeddable":true,"href":"https:\/\/www.fumssar.com.br\/index.php?rest_route=%2Fwp%2Fv2%2Fcomments&post=26380"}],"version-history":[{"count":1,"href":"https:\/\/www.fumssar.com.br\/index.php?rest_route=\/wp\/v2\/posts\/26380\/revisions"}],"predecessor-version":[{"id":26383,"href":"https:\/\/www.fumssar.com.br\/index.php?rest_route=\/wp\/v2\/posts\/26380\/revisions\/26383"}],"wp:featuredmedia":[{"embeddable":true,"href":"https:\/\/www.fumssar.com.br\/index.php?rest_route=\/wp\/v2\/media\/26382"}],"wp:attachment":[{"href":"https:\/\/www.fumssar.com.br\/index.php?rest_route=%2Fwp%2Fv2%2Fmedia&parent=26380"}],"wp:term":[{"taxonomy":"category","embeddable":true,"href":"https:\/\/www.fumssar.com.br\/index.php?rest_route=%2Fwp%2Fv2%2Fcategories&post=26380"},{"taxonomy":"post_tag","embeddable":true,"href":"https:\/\/www.fumssar.com.br\/index.php?rest_route=%2Fwp%2Fv2%2Ftags&post=26380"}],"curies":[{"name":"wp","href":"https:\/\/api.w.org\/{rel}","templated":true}]}}