{"id":26375,"date":"2024-03-01T16:17:53","date_gmt":"2024-03-01T19:17:53","guid":{"rendered":"http:\/\/www.fumssar.com.br\/?p=26375"},"modified":"2024-10-07T16:29:50","modified_gmt":"2024-10-07T19:29:50","slug":"novos-residentes-sao-recepcionados-na-fumssar-2","status":"publish","type":"post","link":"https:\/\/www.fumssar.com.br\/?p=26375","title":{"rendered":"Novos residentes s\u00e3o recepcionados na FUMSSAR"},"content":{"rendered":"\n<figure class=\"wp-block-image\"><img loading=\"lazy\" decoding=\"async\" width=\"860\" height=\"645\" src=\"https:\/\/www.fumssar.com.br\/wp-content\/uploads\/2024\/03\/Formato-Site-e-Portal-860X645-JPG-2024-03-01T161000.599.jpg\" alt=\"\" class=\"wp-image-26376\" srcset=\"https:\/\/www.fumssar.com.br\/wp-content\/uploads\/2024\/03\/Formato-Site-e-Portal-860X645-JPG-2024-03-01T161000.599.jpg 860w, https:\/\/www.fumssar.com.br\/wp-content\/uploads\/2024\/03\/Formato-Site-e-Portal-860X645-JPG-2024-03-01T161000.599-300x225.jpg 300w, https:\/\/www.fumssar.com.br\/wp-content\/uploads\/2024\/03\/Formato-Site-e-Portal-860X645-JPG-2024-03-01T161000.599-768x576.jpg 768w\" sizes=\"(max-width: 860px) 100vw, 860px\" \/><\/figure>\n\n\n\n<p>Novos\nresidentes foram recebidos nesta sexta-feira (01), na FUMSSAR. Entrando no 17\u00ba\nano, os Programas de Resid\u00eancias em Sa\u00fade iniciaram novas turmas. O projeto \u00e9\numa parceria da Funda\u00e7\u00e3o com a Uniju\u00ed. Ao todo, 12 profissionais de diferentes\n\u00e1reas fazem parte do programa. Os alunos receberam as boas-vindas, al\u00e9m de orienta\u00e7\u00f5es\nsobre a estrutura da institui\u00e7\u00e3o. <\/p>\n\n\n\n<p>No\nPrograma de Resid\u00eancia Multiprofissional em Sa\u00fade da Fam\u00edlia, foram recebidos\n11 integrantes (4 enfermeiros, 2 dentistas, 1 psic\u00f3loga, 1 assistente social, 1\nprofissional de educa\u00e7\u00e3o f\u00edsica, 1 farmac\u00eautica e 1 nutricionista), vindos dos\nmunic\u00edpios de: Santa Rosa, Tr\u00eas de Maio, Santo Cristo, Giru\u00e1, Iju\u00ed e Crissiumal.\nJ\u00e1 no Programa de Resid\u00eancia em Medicina da Fam\u00edlia e Comunidade, uma aluna de\nmedicina, residente que veio da cidade de Panambi. O Vice-Prefeito, Aldemir\nUlrich, destacou a import\u00e2ncia do trabalho de cada residente na rede p\u00fablica de\nsa\u00fade do munic\u00edpio, durante estes dois anos de especializa\u00e7\u00e3o, \u201cFicamos muito\ncontentes em receber mais pessoas para contribuir com a sa\u00fade p\u00fablica de Santa\nRosa. Esta \u00e9 uma grande oportunidade para os residentes vivenciarem a profiss\u00e3o\nque escolheram, com o diferencial de ser dentro de uma Autarquia Municipal de\nSa\u00fade, com gest\u00e3o plena. O trabalho pr\u00e1tico que ir\u00e3o realizar durante a\nespecializa\u00e7\u00e3o \u00e9 de grande valia e sabemos valorizar isso. Que sejam dois anos\nde muito aprendizado e boas experi\u00eancias\u201d.<\/p>\n\n\n\n<p>A\nresid\u00eancia em sa\u00fade \u00e9 uma especializa\u00e7\u00e3o latu sensu que associa teoria e\npr\u00e1tica, portanto, estes profissionais se capacitam e prestam os servi\u00e7os de\nsa\u00fade na Rede de Aten\u00e7\u00e3o B\u00e1sica do munic\u00edpio. Os novos residentes v\u00e3o atuar nas\nUnidades B\u00e1sicas de Sa\u00fade de Santa Rosa.<\/p>\n","protected":false},"excerpt":{"rendered":"<p>Novos residentes foram recebidos nesta sexta-feira (01), na FUMSSAR. Entrando no 17\u00ba ano, os Programas&#8230;<\/p>\n","protected":false},"author":36,"featured_media":26377,"comment_status":"closed","ping_status":"closed","sticky":false,"template":"","format":"standard","meta":{"footnotes":""},"categories":[2],"tags":[],"_links":{"self":[{"href":"https:\/\/www.fumssar.com.br\/index.php?rest_route=\/wp\/v2\/posts\/26375"}],"collection":[{"href":"https:\/\/www.fumssar.com.br\/index.php?rest_route=\/wp\/v2\/posts"}],"about":[{"href":"https:\/\/www.fumssar.com.br\/index.php?rest_route=\/wp\/v2\/types\/post"}],"author":[{"embeddable":true,"href":"https:\/\/www.fumssar.com.br\/index.php?rest_route=\/wp\/v2\/users\/36"}],"replies":[{"embeddable":true,"href":"https:\/\/www.fumssar.com.br\/index.php?rest_route=%2Fwp%2Fv2%2Fcomments&post=26375"}],"version-history":[{"count":1,"href":"https:\/\/www.fumssar.com.br\/index.php?rest_route=\/wp\/v2\/posts\/26375\/revisions"}],"predecessor-version":[{"id":26378,"href":"https:\/\/www.fumssar.com.br\/index.php?rest_route=\/wp\/v2\/posts\/26375\/revisions\/26378"}],"wp:featuredmedia":[{"embeddable":true,"href":"https:\/\/www.fumssar.com.br\/index.php?rest_route=\/wp\/v2\/media\/26377"}],"wp:attachment":[{"href":"https:\/\/www.fumssar.com.br\/index.php?rest_route=%2Fwp%2Fv2%2Fmedia&parent=26375"}],"wp:term":[{"taxonomy":"category","embeddable":true,"href":"https:\/\/www.fumssar.com.br\/index.php?rest_route=%2Fwp%2Fv2%2Fcategories&post=26375"},{"taxonomy":"post_tag","embeddable":true,"href":"https:\/\/www.fumssar.com.br\/index.php?rest_route=%2Fwp%2Fv2%2Ftags&post=26375"}],"curies":[{"name":"wp","href":"https:\/\/api.w.org\/{rel}","templated":true}]}}