{"id":26346,"date":"2024-02-28T13:55:11","date_gmt":"2024-02-28T16:55:11","guid":{"rendered":"http:\/\/www.fumssar.com.br\/?p=26346"},"modified":"2024-10-07T16:29:50","modified_gmt":"2024-10-07T19:29:50","slug":"escolas-da-rede-municipal-de-ensino-realizam-acoes-de-combate-a-dengue","status":"publish","type":"post","link":"https:\/\/www.fumssar.com.br\/?p=26346","title":{"rendered":"Escolas da Rede Municipal de Ensino realizam a\u00e7\u00f5es de combate \u00e0 Dengue"},"content":{"rendered":"\n<p><em>Participa\u00e7\u00e3o\ndos alunos e da comunidade \u00e9 fundamental para frear a dissemina\u00e7\u00e3o da doen\u00e7a<\/em><\/p>\n\n\n\n<figure class=\"wp-block-image\"><img loading=\"lazy\" decoding=\"async\" width=\"860\" height=\"645\" src=\"https:\/\/www.fumssar.com.br\/wp-content\/uploads\/2024\/02\/Formato-Site-e-Portal-860X645-JPG-2024-02-28T135301.327.jpg\" alt=\"\" class=\"wp-image-26347\" srcset=\"https:\/\/www.fumssar.com.br\/wp-content\/uploads\/2024\/02\/Formato-Site-e-Portal-860X645-JPG-2024-02-28T135301.327.jpg 860w, https:\/\/www.fumssar.com.br\/wp-content\/uploads\/2024\/02\/Formato-Site-e-Portal-860X645-JPG-2024-02-28T135301.327-300x225.jpg 300w, https:\/\/www.fumssar.com.br\/wp-content\/uploads\/2024\/02\/Formato-Site-e-Portal-860X645-JPG-2024-02-28T135301.327-768x576.jpg 768w\" sizes=\"(max-width: 860px) 100vw, 860px\" \/><\/figure>\n\n\n\n<p>Escolas\nde toda a Rede Municipal de Ensino de Santa Rosa participam de uma mobiliza\u00e7\u00e3o\ncoletiva contra o Aedes aegypti, mosquito que transmite a Dengue. Diversas\natividades est\u00e3o sendo realizadas nas EMEIs e EMEFs, como panfletagem nas casas\ne com\u00e9rcios, mutir\u00f5es de limpeza e recolhimento de lixo, al\u00e9m de rodas de\nconversa e palestras com dicas de preven\u00e7\u00e3o. O objetivo \u00e9 capacitar os alunos\npor meio da conscientiza\u00e7\u00e3o.<\/p>\n\n\n\n<p>A\nPrefeitura publicou na \u00faltima semana, uma ordem de servi\u00e7o que estabelece uma\nrotina de a\u00e7\u00f5es para evitar a prolifera\u00e7\u00e3o e controle de focos do Aedes aegypti,\nvisando \u00e0 preven\u00e7\u00e3o da Dengue e de outras arboviroses por ele causadas, como \u00e9\no caso da Zika e Chikungunya. Desde o in\u00edcio do ano, os casos de Dengue v\u00eam\ncrescendo em Santa Rosa e a participa\u00e7\u00e3o dos alunos e da comunidade \u00e9\nfundamental para frear a dissemina\u00e7\u00e3o do v\u00edrus. A Secret\u00e1ria de Educa\u00e7\u00e3o e\nCultura, Lires Zimmermann, destaca que as escolas atuam com a\u00e7\u00f5es de\nconscientiza\u00e7\u00e3o dos estudantes, um trabalho que sempre d\u00e1 bons resultados, \u201cOs\nalunos come\u00e7aram a entender que eles s\u00e3o correspons\u00e1veis no combate \u00e0 Dengue. A\npartir do momento que eles assumem essa responsabilidade, automaticamente passam\na ser multiplicadores do conhecimento que recebem, al\u00e9m de auxiliar no planejamento\nde atividades para monitorar e evitar a prolifera\u00e7\u00e3o do mosquito\u201d.<\/p>\n\n\n\n<p>Conforme\no \u00faltimo levantamento divulgado pela Funda\u00e7\u00e3o Municipal de Sa\u00fade de Santa Rosa &#8211;\nFUMSSAR, o n\u00famero de casos notificados de Dengue no munic\u00edpio \u00e9 de 1.259. Destes,\n777 foram confirmados. Os casos est\u00e3o aumentando, e em fun\u00e7\u00e3o disso, Prefeitura\ne Funda\u00e7\u00e3o est\u00e3o intensificando as a\u00e7\u00f5es em todos os bairros da cidade e\nsolicitando o apoio da comunidade. <\/p>\n","protected":false},"excerpt":{"rendered":"<p>Participa\u00e7\u00e3o dos alunos e da comunidade \u00e9 fundamental para frear a dissemina\u00e7\u00e3o da doen\u00e7a Escolas&#8230;<\/p>\n","protected":false},"author":36,"featured_media":26348,"comment_status":"closed","ping_status":"closed","sticky":false,"template":"","format":"standard","meta":{"footnotes":""},"categories":[2],"tags":[],"_links":{"self":[{"href":"https:\/\/www.fumssar.com.br\/index.php?rest_route=\/wp\/v2\/posts\/26346"}],"collection":[{"href":"https:\/\/www.fumssar.com.br\/index.php?rest_route=\/wp\/v2\/posts"}],"about":[{"href":"https:\/\/www.fumssar.com.br\/index.php?rest_route=\/wp\/v2\/types\/post"}],"author":[{"embeddable":true,"href":"https:\/\/www.fumssar.com.br\/index.php?rest_route=\/wp\/v2\/users\/36"}],"replies":[{"embeddable":true,"href":"https:\/\/www.fumssar.com.br\/index.php?rest_route=%2Fwp%2Fv2%2Fcomments&post=26346"}],"version-history":[{"count":1,"href":"https:\/\/www.fumssar.com.br\/index.php?rest_route=\/wp\/v2\/posts\/26346\/revisions"}],"predecessor-version":[{"id":26349,"href":"https:\/\/www.fumssar.com.br\/index.php?rest_route=\/wp\/v2\/posts\/26346\/revisions\/26349"}],"wp:featuredmedia":[{"embeddable":true,"href":"https:\/\/www.fumssar.com.br\/index.php?rest_route=\/wp\/v2\/media\/26348"}],"wp:attachment":[{"href":"https:\/\/www.fumssar.com.br\/index.php?rest_route=%2Fwp%2Fv2%2Fmedia&parent=26346"}],"wp:term":[{"taxonomy":"category","embeddable":true,"href":"https:\/\/www.fumssar.com.br\/index.php?rest_route=%2Fwp%2Fv2%2Fcategories&post=26346"},{"taxonomy":"post_tag","embeddable":true,"href":"https:\/\/www.fumssar.com.br\/index.php?rest_route=%2Fwp%2Fv2%2Ftags&post=26346"}],"curies":[{"name":"wp","href":"https:\/\/api.w.org\/{rel}","templated":true}]}}