{"id":26329,"date":"2024-02-23T10:45:28","date_gmt":"2024-02-23T13:45:28","guid":{"rendered":"http:\/\/www.fumssar.com.br\/?p=26329"},"modified":"2024-10-07T16:29:50","modified_gmt":"2024-10-07T19:29:50","slug":"fumssar-intensifica-mutiroes-contra-dengue-2","status":"publish","type":"post","link":"https:\/\/www.fumssar.com.br\/?p=26329","title":{"rendered":"FUMSSAR intensifica mutir\u00f5es contra dengue"},"content":{"rendered":"\n<figure class=\"wp-block-image\"><img loading=\"lazy\" decoding=\"async\" width=\"860\" height=\"645\" src=\"https:\/\/www.fumssar.com.br\/wp-content\/uploads\/2024\/02\/Formato-Site-e-Portal-860X645-JPG-2024-02-23T103442.510.jpg\" alt=\"\" class=\"wp-image-26330\" srcset=\"https:\/\/www.fumssar.com.br\/wp-content\/uploads\/2024\/02\/Formato-Site-e-Portal-860X645-JPG-2024-02-23T103442.510.jpg 860w, https:\/\/www.fumssar.com.br\/wp-content\/uploads\/2024\/02\/Formato-Site-e-Portal-860X645-JPG-2024-02-23T103442.510-300x225.jpg 300w, https:\/\/www.fumssar.com.br\/wp-content\/uploads\/2024\/02\/Formato-Site-e-Portal-860X645-JPG-2024-02-23T103442.510-768x576.jpg 768w\" sizes=\"(max-width: 860px) 100vw, 860px\" \/><\/figure>\n\n\n\n<p><br>Nesta\u00a0sexta-feira(23), o n\u00famero de casos confirmados de dengue em Santa Rosa \u00e9 de 508. A FUMMSAR registrou tamb\u00e9m 810 notifica\u00e7\u00f5es. Os casos est\u00e3o aumentando, e em fun\u00e7\u00e3o disso, Prefeitura e Funda\u00e7\u00e3o est\u00e3o intensificando as a\u00e7\u00f5es e solicitando o apoio da comunidade. Em todos os bairros da cidade a\u00e7\u00f5es est\u00e3o sendo realizadas.\u00a0<\/p>\n\n\n\n<p>Nesta semana, o Vice-Prefeito Aldemir Ulrich esteve reunido com representantes de todas as secretarias e tamb\u00e9m com a equipe da Funda\u00e7\u00e3o de Sa\u00fade. Foi organizada uma for\u00e7a tarefa para limpeza e vistoria em espa\u00e7os p\u00fablicos. Foi feita uma Ordem de Servi\u00e7o com diversas tarefas que todos envolvidos devem fazer diariamente para evitar a prolifera\u00e7\u00e3o do mosquito e controle dos focos. <\/p>\n\n\n\n<p>O vice-prefeito destaca que o apoio de toda a comunidade \u00e9 fundamental, \u201cEstamos intensificando os cuidados nos espa\u00e7os p\u00fablicos e precisamos da ajuda de todos no cuidado de suas casas e empresas\u201d. Aldemir ressalta ainda que tamb\u00e9m est\u00e1 fazendo contato com empresas, para que as mesmas, organizem equipe de combate \u00e0 dengue, \u201cTodas as empresas, escolas, institui\u00e7\u00f5es podem fazer sua parte diariamente, cuidando para evitar \u00e1gua parada e passando repelente. Nossas equipes tamb\u00e9m est\u00e3o \u00e0 disposi\u00e7\u00e3o caso algu\u00e9m precise de mais informa\u00e7\u00f5es sobre os cuidados\u201d.\u00a0<\/p>\n\n\n\n<p>A comunidade pode ajudar tamb\u00e9m denunciando locais com \u00e1gua parada pelo telefone\u00a0<a href=\"(55) 3513-5101\">(55) 3513-5101<\/a>. Novos agentes de combate \u00e0 dengue foram contratados para intensificar ainda mais os trabalhos que est\u00e3o sendo realizados, inclusive no fim de semana. A prioridade s\u00e3o as regi\u00f5es com alto \u00edndice de infesta\u00e7\u00e3o. Nestes locais e proximidades, tamb\u00e9m est\u00e1 passando o caminh\u00e3o fumac\u00ea. A Funda\u00e7\u00e3o tamb\u00e9m realiza as vistorias nas casas e terrenos baldios, em caso de necessidade, os moradores s\u00e3o notificados.<br><\/p>\n","protected":false},"excerpt":{"rendered":"<p>Nesta\u00a0sexta-feira(23), o n\u00famero de casos confirmados de dengue em Santa Rosa \u00e9 de 508. A&#8230;<\/p>\n","protected":false},"author":36,"featured_media":26330,"comment_status":"open","ping_status":"open","sticky":false,"template":"","format":"standard","meta":{"footnotes":""},"categories":[2],"tags":[],"_links":{"self":[{"href":"https:\/\/www.fumssar.com.br\/index.php?rest_route=\/wp\/v2\/posts\/26329"}],"collection":[{"href":"https:\/\/www.fumssar.com.br\/index.php?rest_route=\/wp\/v2\/posts"}],"about":[{"href":"https:\/\/www.fumssar.com.br\/index.php?rest_route=\/wp\/v2\/types\/post"}],"author":[{"embeddable":true,"href":"https:\/\/www.fumssar.com.br\/index.php?rest_route=\/wp\/v2\/users\/36"}],"replies":[{"embeddable":true,"href":"https:\/\/www.fumssar.com.br\/index.php?rest_route=%2Fwp%2Fv2%2Fcomments&post=26329"}],"version-history":[{"count":1,"href":"https:\/\/www.fumssar.com.br\/index.php?rest_route=\/wp\/v2\/posts\/26329\/revisions"}],"predecessor-version":[{"id":26331,"href":"https:\/\/www.fumssar.com.br\/index.php?rest_route=\/wp\/v2\/posts\/26329\/revisions\/26331"}],"wp:featuredmedia":[{"embeddable":true,"href":"https:\/\/www.fumssar.com.br\/index.php?rest_route=\/wp\/v2\/media\/26330"}],"wp:attachment":[{"href":"https:\/\/www.fumssar.com.br\/index.php?rest_route=%2Fwp%2Fv2%2Fmedia&parent=26329"}],"wp:term":[{"taxonomy":"category","embeddable":true,"href":"https:\/\/www.fumssar.com.br\/index.php?rest_route=%2Fwp%2Fv2%2Fcategories&post=26329"},{"taxonomy":"post_tag","embeddable":true,"href":"https:\/\/www.fumssar.com.br\/index.php?rest_route=%2Fwp%2Fv2%2Ftags&post=26329"}],"curies":[{"name":"wp","href":"https:\/\/api.w.org\/{rel}","templated":true}]}}