{"id":26310,"date":"2024-02-20T17:37:33","date_gmt":"2024-02-20T20:37:33","guid":{"rendered":"http:\/\/www.fumssar.com.br\/?p=26310"},"modified":"2024-10-07T16:29:50","modified_gmt":"2024-10-07T19:29:50","slug":"fumssar-intensifica-mutiroes-contra-dengue","status":"publish","type":"post","link":"https:\/\/www.fumssar.com.br\/?p=26310","title":{"rendered":"FUMSSAR intensifica mutir\u00f5es contra dengue"},"content":{"rendered":"\n<figure class=\"wp-block-image\"><img loading=\"lazy\" decoding=\"async\" width=\"860\" height=\"645\" src=\"https:\/\/www.fumssar.com.br\/wp-content\/uploads\/2024\/02\/Formato-Site-e-Portal-860X645-JPG-2024-02-20T170304.450.jpg\" alt=\"\" class=\"wp-image-26311\" srcset=\"https:\/\/www.fumssar.com.br\/wp-content\/uploads\/2024\/02\/Formato-Site-e-Portal-860X645-JPG-2024-02-20T170304.450.jpg 860w, https:\/\/www.fumssar.com.br\/wp-content\/uploads\/2024\/02\/Formato-Site-e-Portal-860X645-JPG-2024-02-20T170304.450-300x225.jpg 300w, https:\/\/www.fumssar.com.br\/wp-content\/uploads\/2024\/02\/Formato-Site-e-Portal-860X645-JPG-2024-02-20T170304.450-768x576.jpg 768w\" sizes=\"(max-width: 860px) 100vw, 860px\" \/><\/figure>\n\n\n\n<p>O n\u00famero de casos de dengue em Santa Rosa continua aumentado significativamente. Segundo a Funda\u00e7\u00e3o Municipal da Sa\u00fade, o munic\u00edpio tem\u00a0hoje\u00a0394 casos confirmados e 594 notificados. As Agentes de Combate \u00e0s Endemias est\u00e3o intensificando o trabalho em todos os bairros da cidade.<\/p>\n\n\n\n<p>Nesta\u00a0ter\u00e7a-feira(20), foi realizado um mutir\u00e3o na Planalto, uma das localidades com alto \u00edndice de infesta\u00e7\u00e3o. No\u00a0s\u00e1bado(17), foi realizado um intenso trabalho na Vila Kerber e o Posto da Planalto tamb\u00e9m teve atendimento voltado para Dengue. <\/p>\n\n\n\n<p>Para Dra. Fabiana Breitenbach, Diretora de Aten\u00e7\u00e3o B\u00e1sica da FUMSSAR, \u201cO principal objetivo das agentes \u00e9 buscar os focos do Aedes Aegypti e realizar a coleta da larva para an\u00e1lise, bem como, orientar o morador sobre os cuidados com \u00e1gua parada. Estamos pedindo para que a popula\u00e7\u00e3o redobre os cuidados para evitar a prolifera\u00e7\u00e3o do mosquito\u201d. Fabiana ressalta ainda que as pessoas com sintomas de febre, dor no corpo e nas articula\u00e7\u00f5es, dor de cabe\u00e7a e dor atr\u00e1s dos olhos, n\u00e1usea, v\u00f4mito e diarreia, devem procurar a Unidade de Sa\u00fade e realizar o teste.<\/p>\n\n\n\n<p>O Vice-Prefeito Aldemir Ulrich esteve reunido com representantes de todas as secretarias para organizar mais mutir\u00f5es em espa\u00e7os p\u00fablicos, \u201cVamos continuar fazendo um intenso trabalho na prefeitura e em todos os locais p\u00fablicos, mas chamamos a comunidade para que tenham devido cuidado com \u00e1gua parada nas suas casas\u201d. Aldemir tamb\u00e9m est\u00e1 fazendo contato com empres\u00e1rios para que sejam organizadas equipes de combate \u00e0 dengue nas empresas da cidade, \u201cSe nos unirmos e fizermos o dever de casa, n\u00f3s vamos conseguir mudar essa situa\u00e7\u00e3o em que Santa Rosa se encontra e que \u00e9 preocupante\u201d. A Funda\u00e7\u00e3o de Sa\u00fade orienta a popula\u00e7\u00e3o para que fa\u00e7a uso do repelente diariamente. <\/p>\n","protected":false},"excerpt":{"rendered":"<p>O n\u00famero de casos de dengue em Santa Rosa continua aumentado significativamente. Segundo a Funda\u00e7\u00e3o&#8230;<\/p>\n","protected":false},"author":36,"featured_media":26311,"comment_status":"open","ping_status":"open","sticky":false,"template":"","format":"standard","meta":{"footnotes":""},"categories":[2],"tags":[],"_links":{"self":[{"href":"https:\/\/www.fumssar.com.br\/index.php?rest_route=\/wp\/v2\/posts\/26310"}],"collection":[{"href":"https:\/\/www.fumssar.com.br\/index.php?rest_route=\/wp\/v2\/posts"}],"about":[{"href":"https:\/\/www.fumssar.com.br\/index.php?rest_route=\/wp\/v2\/types\/post"}],"author":[{"embeddable":true,"href":"https:\/\/www.fumssar.com.br\/index.php?rest_route=\/wp\/v2\/users\/36"}],"replies":[{"embeddable":true,"href":"https:\/\/www.fumssar.com.br\/index.php?rest_route=%2Fwp%2Fv2%2Fcomments&post=26310"}],"version-history":[{"count":1,"href":"https:\/\/www.fumssar.com.br\/index.php?rest_route=\/wp\/v2\/posts\/26310\/revisions"}],"predecessor-version":[{"id":26312,"href":"https:\/\/www.fumssar.com.br\/index.php?rest_route=\/wp\/v2\/posts\/26310\/revisions\/26312"}],"wp:featuredmedia":[{"embeddable":true,"href":"https:\/\/www.fumssar.com.br\/index.php?rest_route=\/wp\/v2\/media\/26311"}],"wp:attachment":[{"href":"https:\/\/www.fumssar.com.br\/index.php?rest_route=%2Fwp%2Fv2%2Fmedia&parent=26310"}],"wp:term":[{"taxonomy":"category","embeddable":true,"href":"https:\/\/www.fumssar.com.br\/index.php?rest_route=%2Fwp%2Fv2%2Fcategories&post=26310"},{"taxonomy":"post_tag","embeddable":true,"href":"https:\/\/www.fumssar.com.br\/index.php?rest_route=%2Fwp%2Fv2%2Ftags&post=26310"}],"curies":[{"name":"wp","href":"https:\/\/api.w.org\/{rel}","templated":true}]}}