{"id":26304,"date":"2024-02-16T15:56:19","date_gmt":"2024-02-16T18:56:19","guid":{"rendered":"http:\/\/www.fumssar.com.br\/?p=26304"},"modified":"2024-10-07T16:29:50","modified_gmt":"2024-10-07T19:29:50","slug":"grupo-de-cuidados-paliativos-na-fumssar","status":"publish","type":"post","link":"https:\/\/www.fumssar.com.br\/?p=26304","title":{"rendered":"Grupo de Cuidados Paliativos na FUMSSAR"},"content":{"rendered":"\n<figure class=\"wp-block-image\"><img loading=\"lazy\" decoding=\"async\" width=\"860\" height=\"645\" src=\"https:\/\/www.fumssar.com.br\/wp-content\/uploads\/2024\/02\/Formato-Site-e-Portal-860X645-JPG-2024-02-13T165106.880-1.jpg\" alt=\"\" class=\"wp-image-26305\" srcset=\"https:\/\/www.fumssar.com.br\/wp-content\/uploads\/2024\/02\/Formato-Site-e-Portal-860X645-JPG-2024-02-13T165106.880-1.jpg 860w, https:\/\/www.fumssar.com.br\/wp-content\/uploads\/2024\/02\/Formato-Site-e-Portal-860X645-JPG-2024-02-13T165106.880-1-300x225.jpg 300w, https:\/\/www.fumssar.com.br\/wp-content\/uploads\/2024\/02\/Formato-Site-e-Portal-860X645-JPG-2024-02-13T165106.880-1-768x576.jpg 768w\" sizes=\"(max-width: 860px) 100vw, 860px\" \/><\/figure>\n\n\n\n<p>A FUMSSAR disponibiliza um novo servi\u00e7o de preven\u00e7\u00e3o e cuidados da sa\u00fade.\u00a0 O Grupo de Cuidados Paliativos foi criado com o intuito de melhorar a qualidade de vida de pacientes com doen\u00e7as graves, progressivas e que amea\u00e7am a continuidade da vida. A equipe especializada vai atuar em conjunto com a Estrat\u00e9gia Sa\u00fade da Fam\u00edlia &#8211; ESF e o Programa Melhor em Casa.<\/p>\n\n\n\n<p>O grupo conta com duas m\u00e9dicas com forma\u00e7\u00e3o em cuidados paliativos, enfermeira, rede de sa\u00fade mental e epidemiol\u00f3gica. A inten\u00e7\u00e3o \u00e9 promover a qualidade de vida de pacientes e de seus familiares atrav\u00e9s da preven\u00e7\u00e3o e alivio do sofrimento, da identifica\u00e7\u00e3o precoce de situa\u00e7\u00f5es poss\u00edveis de serem tratadas, da avalia\u00e7\u00e3o cuidadosa e minuciosa e do tratamento da dor e de outros sintomas f\u00edsicos, sociais, psicol\u00f3gicos e espirituais. <\/p>\n\n\n\n<p>Para a Dra. Fabiana Breitenbach, Diretora de Aten\u00e7\u00e3o B\u00e1sica da FUMSSAR, este \u00e9 um important\u00edssimo servi\u00e7o que est\u00e1 sendo disponibilizado pela Funda\u00e7\u00e3o de Sa\u00fade, \u201cTemos consci\u00eancia do quanto \u00e9 indispens\u00e1vel a presen\u00e7a de uma equipe multiprofissional capacitada para auxiliar os pacientes e seus familiares no controle dos sintomas de doen\u00e7as graves e progressivas. Queremos que as pessoas tenham uma melhor qualidade de vida, tanto no aspecto f\u00edsico e psicol\u00f3gico, bem como no aspecto social\u201d.\u00a0<\/p>\n\n\n\n<p>A partir desse trabalho ser\u00e1 poss\u00edvel analisar os dados de \u00f3bitos por c\u00e2ncer e elaborar protocolos de interven\u00e7\u00e3o. Tamb\u00e9m ser\u00e1 realizado um trabalho de educa\u00e7\u00e3o continuada para profissionais da sa\u00fade sobre o tema. <\/p>\n","protected":false},"excerpt":{"rendered":"<p>A FUMSSAR disponibiliza um novo servi\u00e7o de preven\u00e7\u00e3o e cuidados da sa\u00fade.\u00a0 O Grupo de&#8230;<\/p>\n","protected":false},"author":36,"featured_media":26305,"comment_status":"open","ping_status":"open","sticky":false,"template":"","format":"standard","meta":{"footnotes":""},"categories":[2],"tags":[],"_links":{"self":[{"href":"https:\/\/www.fumssar.com.br\/index.php?rest_route=\/wp\/v2\/posts\/26304"}],"collection":[{"href":"https:\/\/www.fumssar.com.br\/index.php?rest_route=\/wp\/v2\/posts"}],"about":[{"href":"https:\/\/www.fumssar.com.br\/index.php?rest_route=\/wp\/v2\/types\/post"}],"author":[{"embeddable":true,"href":"https:\/\/www.fumssar.com.br\/index.php?rest_route=\/wp\/v2\/users\/36"}],"replies":[{"embeddable":true,"href":"https:\/\/www.fumssar.com.br\/index.php?rest_route=%2Fwp%2Fv2%2Fcomments&post=26304"}],"version-history":[{"count":1,"href":"https:\/\/www.fumssar.com.br\/index.php?rest_route=\/wp\/v2\/posts\/26304\/revisions"}],"predecessor-version":[{"id":26306,"href":"https:\/\/www.fumssar.com.br\/index.php?rest_route=\/wp\/v2\/posts\/26304\/revisions\/26306"}],"wp:featuredmedia":[{"embeddable":true,"href":"https:\/\/www.fumssar.com.br\/index.php?rest_route=\/wp\/v2\/media\/26305"}],"wp:attachment":[{"href":"https:\/\/www.fumssar.com.br\/index.php?rest_route=%2Fwp%2Fv2%2Fmedia&parent=26304"}],"wp:term":[{"taxonomy":"category","embeddable":true,"href":"https:\/\/www.fumssar.com.br\/index.php?rest_route=%2Fwp%2Fv2%2Fcategories&post=26304"},{"taxonomy":"post_tag","embeddable":true,"href":"https:\/\/www.fumssar.com.br\/index.php?rest_route=%2Fwp%2Fv2%2Ftags&post=26304"}],"curies":[{"name":"wp","href":"https:\/\/api.w.org\/{rel}","templated":true}]}}