{"id":26246,"date":"2024-02-06T11:20:07","date_gmt":"2024-02-06T14:20:07","guid":{"rendered":"http:\/\/www.fumssar.com.br\/?p=26246"},"modified":"2024-10-07T16:29:50","modified_gmt":"2024-10-07T19:29:50","slug":"presidente-da-fumssar-participa-de-agendas-em-brasilia","status":"publish","type":"post","link":"https:\/\/www.fumssar.com.br\/?p=26246","title":{"rendered":"Presidente da FUMSSAR participa de agendas em Bras\u00edlia"},"content":{"rendered":"\n<figure class=\"wp-block-image\"><img loading=\"lazy\" decoding=\"async\" width=\"860\" height=\"645\" src=\"https:\/\/www.fumssar.com.br\/wp-content\/uploads\/2024\/02\/Formato-Site-e-Portal-860X645-JPG-2024-02-06T111753.568.jpg\" alt=\"\" class=\"wp-image-26247\" srcset=\"https:\/\/www.fumssar.com.br\/wp-content\/uploads\/2024\/02\/Formato-Site-e-Portal-860X645-JPG-2024-02-06T111753.568.jpg 860w, https:\/\/www.fumssar.com.br\/wp-content\/uploads\/2024\/02\/Formato-Site-e-Portal-860X645-JPG-2024-02-06T111753.568-300x225.jpg 300w, https:\/\/www.fumssar.com.br\/wp-content\/uploads\/2024\/02\/Formato-Site-e-Portal-860X645-JPG-2024-02-06T111753.568-768x576.jpg 768w\" sizes=\"(max-width: 860px) 100vw, 860px\" \/><\/figure>\n\n\n\n<p><br>O Presidente da Funda\u00e7\u00e3o Municipal de Sa\u00fade, participou de diversas agendas em Bras\u00edlia. Nesta primeira viagem para o Distrito Federal, D\u00e9lcio Stefan esteve na reuni\u00e3o do CONASEMS, e tamb\u00e9m visitou alguns setores do Minist\u00e9rio da Sa\u00fade. O objetivo foi trabalhar projetos relacionados com pol\u00edticas p\u00fablicas e servi\u00e7os de Santa Rosa.\u00a0\u00a0<\/p>\n\n\n\n<p><br>D\u00e9lcio participou do encontro com representantes do Conselho Nacional de Secretarias Municipais de Sa\u00fade \u2013 CONASEMS, que reuniu os Secret\u00e1rios de Sa\u00fade do Pa\u00eds, Secret\u00e1rios Estaduais de Sa\u00fade e o Minist\u00e9rio da Sa\u00fade, com participa\u00e7\u00e3o da Ministra e seus diretores. A principal pauta discutida foi sobre as altera\u00e7\u00f5es de crit\u00e9rios de avalia\u00e7\u00e3o na sa\u00fade prim\u00e1ria, que passar\u00e1 a\u00a0ter\u00a0novas avalia\u00e7\u00f5es na Aten\u00e7\u00e3o B\u00e1sica de Sa\u00fade e no Financiamento de Recursos destinados a sa\u00fade p\u00fablica do munic\u00edpio.<\/p>\n\n\n\n<p><br>Na oportunidade, tamb\u00e9m foi realizado um alinhamento na aten\u00e7\u00e3o b\u00e1sica que tinha avalia\u00e7\u00e3o de 7 indicadores e agora, vai passar a\u00a0ter\u00a015. Os novos indicadores v\u00e3o proporcionar um estudo mais aprofundado para ver se a unidade de sa\u00fade est\u00e1 sendo efetiva no atendimento daquela comunidade. D\u00e9lcio destacou que os novos indicadores v\u00e3o refletir na qualidade do atendimento e no financiamento do repasse, \u201cS\u00e3o duas coisas que s\u00e3o muito importantes. Trabalhar com esse olhar para o todo em cada bairro, com anteced\u00eancia e podendo evitar poss\u00edveis doen\u00e7as e interna\u00e7\u00f5es da popula\u00e7\u00e3o\u201d. Essa pr\u00e1tica dos novos indicadores deve iniciar dentro do 1\u00ba semestre.<\/p>\n\n\n\n<p><br>Ainda em Bras\u00edlia, D\u00e9lcio realizou uma visita t\u00e9cnica nas \u00e1reas do Minist\u00e9rio. Durante essas agendas ele esteve acompanhado de Vanderli de Barros, Diretora do Hospital Vida &amp; Sa\u00fade. Foram tratados assuntos como a recomposi\u00e7\u00e3o de teto que o munic\u00edpio tem encaminhado junto com o hospital, a renova\u00e7\u00e3o das ambul\u00e2ncias do SAMU, entre outros assuntos. Delcio tamb\u00e9m aproveitou as agendas para convidar o Presidente do Conselho Nacional de Sa\u00fade para participar do 4 Semin\u00e1rio Estadual de autismo que vai acontecer no m\u00eas\u00a0de abril\u00a0em Santa Rosa. <\/p>\n","protected":false},"excerpt":{"rendered":"<p>O Presidente da Funda\u00e7\u00e3o Municipal de Sa\u00fade, participou de diversas agendas em Bras\u00edlia. Nesta primeira&#8230;<\/p>\n","protected":false},"author":36,"featured_media":26247,"comment_status":"open","ping_status":"open","sticky":false,"template":"","format":"standard","meta":{"footnotes":""},"categories":[2],"tags":[],"_links":{"self":[{"href":"https:\/\/www.fumssar.com.br\/index.php?rest_route=\/wp\/v2\/posts\/26246"}],"collection":[{"href":"https:\/\/www.fumssar.com.br\/index.php?rest_route=\/wp\/v2\/posts"}],"about":[{"href":"https:\/\/www.fumssar.com.br\/index.php?rest_route=\/wp\/v2\/types\/post"}],"author":[{"embeddable":true,"href":"https:\/\/www.fumssar.com.br\/index.php?rest_route=\/wp\/v2\/users\/36"}],"replies":[{"embeddable":true,"href":"https:\/\/www.fumssar.com.br\/index.php?rest_route=%2Fwp%2Fv2%2Fcomments&post=26246"}],"version-history":[{"count":1,"href":"https:\/\/www.fumssar.com.br\/index.php?rest_route=\/wp\/v2\/posts\/26246\/revisions"}],"predecessor-version":[{"id":26248,"href":"https:\/\/www.fumssar.com.br\/index.php?rest_route=\/wp\/v2\/posts\/26246\/revisions\/26248"}],"wp:featuredmedia":[{"embeddable":true,"href":"https:\/\/www.fumssar.com.br\/index.php?rest_route=\/wp\/v2\/media\/26247"}],"wp:attachment":[{"href":"https:\/\/www.fumssar.com.br\/index.php?rest_route=%2Fwp%2Fv2%2Fmedia&parent=26246"}],"wp:term":[{"taxonomy":"category","embeddable":true,"href":"https:\/\/www.fumssar.com.br\/index.php?rest_route=%2Fwp%2Fv2%2Fcategories&post=26246"},{"taxonomy":"post_tag","embeddable":true,"href":"https:\/\/www.fumssar.com.br\/index.php?rest_route=%2Fwp%2Fv2%2Ftags&post=26246"}],"curies":[{"name":"wp","href":"https:\/\/api.w.org\/{rel}","templated":true}]}}