{"id":26232,"date":"2024-02-02T10:29:44","date_gmt":"2024-02-02T13:29:44","guid":{"rendered":"http:\/\/www.fumssar.com.br\/?p=26232"},"modified":"2024-10-07T16:29:50","modified_gmt":"2024-10-07T19:29:50","slug":"iii-forum-macrorregional-do-transtorno-do-espectro-autista-reuniu-mais-de-770-pessoas-em-santa-rosa","status":"publish","type":"post","link":"https:\/\/www.fumssar.com.br\/?p=26232","title":{"rendered":"III F\u00f3rum Macrorregional do Transtorno do Espectro Autista reuniu mais de 770 pessoas em Santa Rosa"},"content":{"rendered":"\n<figure class=\"wp-block-image\"><img loading=\"lazy\" decoding=\"async\" width=\"860\" height=\"645\" src=\"https:\/\/www.fumssar.com.br\/wp-content\/uploads\/2024\/02\/Formato-Site-e-Portal-860X645-JPG-2024-02-02T102445.649.jpg\" alt=\"\" class=\"wp-image-26233\" srcset=\"https:\/\/www.fumssar.com.br\/wp-content\/uploads\/2024\/02\/Formato-Site-e-Portal-860X645-JPG-2024-02-02T102445.649.jpg 860w, https:\/\/www.fumssar.com.br\/wp-content\/uploads\/2024\/02\/Formato-Site-e-Portal-860X645-JPG-2024-02-02T102445.649-300x225.jpg 300w, https:\/\/www.fumssar.com.br\/wp-content\/uploads\/2024\/02\/Formato-Site-e-Portal-860X645-JPG-2024-02-02T102445.649-768x576.jpg 768w\" sizes=\"(max-width: 860px) 100vw, 860px\" \/><\/figure>\n\n\n\n<p>A\nFUMSSAR em parceria com o Centro Macrorregional de Refer\u00eancia em Autismo &#8211; CMR\nTEAcolhe Santa Rosa, realizou nesta quinta-feira (01\/02), o III F\u00f3rum\nMacrorregional do Transtorno do Espectro Autista. O evento aconteceu em dois\nper\u00edodos para p\u00fablicos diferentes. No turno da manh\u00e3, a forma\u00e7\u00e3o ocorreu no\naudit\u00f3rio do SESC e foi direcionada para profissionais de sa\u00fade e assist\u00eancia\nsocial. J\u00e1 na parte da tarde, a a\u00e7\u00e3o foi realizada no Centro C\u00edvico Ant\u00f4nio\nCarlos Borges para professores e monitores das escolas e APAEs da regi\u00e3o. Mais\nde 770 pessoas participaram do f\u00f3rum.<\/p>\n\n\n\n<p>A\natividade faz parte das a\u00e7\u00f5es que o Centro Macrorregional de Refer\u00eancia em\nAutismo realiza anualmente, e tem como objetivo capacitar profissionais da sa\u00fade,\neduca\u00e7\u00e3o e assist\u00eancia social, assim como trazer para a discuss\u00e3o a tem\u00e1tica do\nautismo. A Coordenadora do CMR TEAcolhe Santa Rosa, Fl\u00e1via Albuquerque,\ndestacou a import\u00e2ncia do evento, \u201cNosso objetivo \u00e9 seguir com este trabalho de\nqualifica\u00e7\u00e3o cont\u00ednua dos profissionais, para que possamos prestar um\natendimento humanizado e cada vez melhor para os pacientes com autismo\u201d.<\/p>\n\n\n\n<p>Durante\no evento, foi abordado o tema: \u201cChegou um autista no meu consult\u00f3rio, e agora?\u201d,\npelo palestrante Nelson Kirst do Instituto Pandorga de S\u00e3o Leopoldo\/RS.<\/p>\n","protected":false},"excerpt":{"rendered":"<p>A FUMSSAR em parceria com o Centro Macrorregional de Refer\u00eancia em Autismo &#8211; CMR TEAcolhe&#8230;<\/p>\n","protected":false},"author":36,"featured_media":26234,"comment_status":"closed","ping_status":"closed","sticky":false,"template":"","format":"standard","meta":{"footnotes":""},"categories":[2],"tags":[],"_links":{"self":[{"href":"https:\/\/www.fumssar.com.br\/index.php?rest_route=\/wp\/v2\/posts\/26232"}],"collection":[{"href":"https:\/\/www.fumssar.com.br\/index.php?rest_route=\/wp\/v2\/posts"}],"about":[{"href":"https:\/\/www.fumssar.com.br\/index.php?rest_route=\/wp\/v2\/types\/post"}],"author":[{"embeddable":true,"href":"https:\/\/www.fumssar.com.br\/index.php?rest_route=\/wp\/v2\/users\/36"}],"replies":[{"embeddable":true,"href":"https:\/\/www.fumssar.com.br\/index.php?rest_route=%2Fwp%2Fv2%2Fcomments&post=26232"}],"version-history":[{"count":1,"href":"https:\/\/www.fumssar.com.br\/index.php?rest_route=\/wp\/v2\/posts\/26232\/revisions"}],"predecessor-version":[{"id":26235,"href":"https:\/\/www.fumssar.com.br\/index.php?rest_route=\/wp\/v2\/posts\/26232\/revisions\/26235"}],"wp:featuredmedia":[{"embeddable":true,"href":"https:\/\/www.fumssar.com.br\/index.php?rest_route=\/wp\/v2\/media\/26234"}],"wp:attachment":[{"href":"https:\/\/www.fumssar.com.br\/index.php?rest_route=%2Fwp%2Fv2%2Fmedia&parent=26232"}],"wp:term":[{"taxonomy":"category","embeddable":true,"href":"https:\/\/www.fumssar.com.br\/index.php?rest_route=%2Fwp%2Fv2%2Fcategories&post=26232"},{"taxonomy":"post_tag","embeddable":true,"href":"https:\/\/www.fumssar.com.br\/index.php?rest_route=%2Fwp%2Fv2%2Ftags&post=26232"}],"curies":[{"name":"wp","href":"https:\/\/api.w.org\/{rel}","templated":true}]}}