{"id":26228,"date":"2024-02-01T16:42:50","date_gmt":"2024-02-01T19:42:50","guid":{"rendered":"http:\/\/www.fumssar.com.br\/?p=26228"},"modified":"2024-10-07T16:29:50","modified_gmt":"2024-10-07T19:29:50","slug":"retrospectiva-unidades-basicas-de-saude-planalto-2","status":"publish","type":"post","link":"https:\/\/www.fumssar.com.br\/?p=26228","title":{"rendered":"Retrospectiva Unidades B\u00e1sicas de Sa\u00fade: Planalto"},"content":{"rendered":"\n<figure class=\"wp-block-image\"><img loading=\"lazy\" decoding=\"async\" width=\"860\" height=\"645\" src=\"https:\/\/www.fumssar.com.br\/wp-content\/uploads\/2024\/02\/Formato-Site-e-Portal-860X645-JPG-2024-02-01T161508.949.jpg\" alt=\"\" class=\"wp-image-26229\" srcset=\"https:\/\/www.fumssar.com.br\/wp-content\/uploads\/2024\/02\/Formato-Site-e-Portal-860X645-JPG-2024-02-01T161508.949.jpg 860w, https:\/\/www.fumssar.com.br\/wp-content\/uploads\/2024\/02\/Formato-Site-e-Portal-860X645-JPG-2024-02-01T161508.949-300x225.jpg 300w, https:\/\/www.fumssar.com.br\/wp-content\/uploads\/2024\/02\/Formato-Site-e-Portal-860X645-JPG-2024-02-01T161508.949-768x576.jpg 768w\" sizes=\"(max-width: 860px) 100vw, 860px\" \/><\/figure>\n\n\n\n<p>Dando continuidade nas retrospectivas das Unidades\nB\u00e1sicas de Sa\u00fade que comp\u00f5em o servi\u00e7o da Aten\u00e7\u00e3o B\u00e1sica da FUMSSAR, o Governo\nMunicipal apresenta os dados de trabalho da UBS Planalto. Em 2023, foram\nrealizados mais de 67 mil procedimentos na unidade. Al\u00e9m das a\u00e7\u00f5es de rotina, a\nequipe multiprofissional realizou diversas atividades com os usu\u00e1rios, com\ndestaque para os eventos em datas comemorativas, a\u00e7\u00f5es do Programa Sa\u00fade na Escola\n\u2013 PSE e os grupos de gestantes, atividade f\u00edsica, tabagismo e oficina\nterap\u00eautica.<\/p>\n\n\n\n<p>De janeiro a dezembro, foram realizados 67.434 procedimentos\nna unidade. Destes, 8.225 foram com o profissional m\u00e9dico, al\u00e9m dos demais\natendimentos: odontol\u00f3gicos, com psic\u00f3loga, fonoaudi\u00f3loga, nutricionista,\nassistente social e educadora f\u00edsica. A UBS conta ainda, com a participa\u00e7\u00e3o\nefetiva de integrantes do Programa de Resid\u00eancia Multiprofissional da FUMSSAR.\nA coordenadora \u00c2ngela Taminsky, ressaltou o trabalho realizado no ano que\npassou, \u201cO ano de 2023 foi muito satisfat\u00f3rio, pois al\u00e9m de atingirmos os\nindicadores, conseguimos com a dedica\u00e7\u00e3o da equipe, prestar um atendimento de\nforma resolutiva, emp\u00e1tica e qualificada, nas mais diversas demandas\napresentadas pelos pacientes. Nosso desejo para 2024, \u00e9 seguir promovendo sa\u00fade\ne bem-estar para a nossa comunidade\u201d.<\/p>\n\n\n\n<p>A UBS Planalto \u00e9 respons\u00e1vel por prestar o\natendimento de sa\u00fade para 4.643 pessoas (2.308 homens e 2.335 mulheres). O\nPresidente da FUMSSAR, D\u00e9lcio Stefan, ressaltou o compromisso da Gest\u00e3o em\nimplementar a\u00e7\u00f5es que promovam a sa\u00fade integral dos santa-rosenses, \u201cTemos 18\nunidades de sa\u00fade distribu\u00eddas na cidade e no interior, com excelentes\nprofissionais e equipes que realizam o cuidado di\u00e1rio da popula\u00e7\u00e3o\u201d. Fazem\nparte da \u00e1rea de abrang\u00eancia da unidade, os moradores das seguintes\nlocalidades: Planalto, Pr\u00f3-Morar, Bela Vista, Bom Jesus, \u00c1rea Industrial e\nparte do Centro.<\/p>\n\n\n\n<p>Para 2024,\na equipe planeja desenvolver novos grupos de hipertens\u00e3o e diabetes. A unidade fica localizada na Rua Chile, n\u00ba 753,\nno bairro Planalto. <\/p>\n","protected":false},"excerpt":{"rendered":"<p>Dando continuidade nas retrospectivas das Unidades B\u00e1sicas de Sa\u00fade que comp\u00f5em o servi\u00e7o da Aten\u00e7\u00e3o&#8230;<\/p>\n","protected":false},"author":36,"featured_media":26230,"comment_status":"closed","ping_status":"closed","sticky":false,"template":"","format":"standard","meta":{"footnotes":""},"categories":[2],"tags":[],"_links":{"self":[{"href":"https:\/\/www.fumssar.com.br\/index.php?rest_route=\/wp\/v2\/posts\/26228"}],"collection":[{"href":"https:\/\/www.fumssar.com.br\/index.php?rest_route=\/wp\/v2\/posts"}],"about":[{"href":"https:\/\/www.fumssar.com.br\/index.php?rest_route=\/wp\/v2\/types\/post"}],"author":[{"embeddable":true,"href":"https:\/\/www.fumssar.com.br\/index.php?rest_route=\/wp\/v2\/users\/36"}],"replies":[{"embeddable":true,"href":"https:\/\/www.fumssar.com.br\/index.php?rest_route=%2Fwp%2Fv2%2Fcomments&post=26228"}],"version-history":[{"count":1,"href":"https:\/\/www.fumssar.com.br\/index.php?rest_route=\/wp\/v2\/posts\/26228\/revisions"}],"predecessor-version":[{"id":26231,"href":"https:\/\/www.fumssar.com.br\/index.php?rest_route=\/wp\/v2\/posts\/26228\/revisions\/26231"}],"wp:featuredmedia":[{"embeddable":true,"href":"https:\/\/www.fumssar.com.br\/index.php?rest_route=\/wp\/v2\/media\/26230"}],"wp:attachment":[{"href":"https:\/\/www.fumssar.com.br\/index.php?rest_route=%2Fwp%2Fv2%2Fmedia&parent=26228"}],"wp:term":[{"taxonomy":"category","embeddable":true,"href":"https:\/\/www.fumssar.com.br\/index.php?rest_route=%2Fwp%2Fv2%2Fcategories&post=26228"},{"taxonomy":"post_tag","embeddable":true,"href":"https:\/\/www.fumssar.com.br\/index.php?rest_route=%2Fwp%2Fv2%2Ftags&post=26228"}],"curies":[{"name":"wp","href":"https:\/\/api.w.org\/{rel}","templated":true}]}}