{"id":26204,"date":"2024-01-30T09:54:57","date_gmt":"2024-01-30T12:54:57","guid":{"rendered":"http:\/\/www.fumssar.com.br\/?p=26204"},"modified":"2024-10-07T16:29:50","modified_gmt":"2024-10-07T19:29:50","slug":"retrospectiva-unidades-basicas-de-saude-julio-de-oliveira-2","status":"publish","type":"post","link":"https:\/\/www.fumssar.com.br\/?p=26204","title":{"rendered":"Retrospectiva Unidades B\u00e1sicas de Sa\u00fade: J\u00falio de Oliveira"},"content":{"rendered":"\n<figure class=\"wp-block-image\"><img loading=\"lazy\" decoding=\"async\" width=\"860\" height=\"645\" src=\"https:\/\/www.fumssar.com.br\/wp-content\/uploads\/2024\/01\/Formato-Site-e-Portal-860X645-JPG-2024-01-29T152513.747.jpg\" alt=\"\" class=\"wp-image-26205\" srcset=\"https:\/\/www.fumssar.com.br\/wp-content\/uploads\/2024\/01\/Formato-Site-e-Portal-860X645-JPG-2024-01-29T152513.747.jpg 860w, https:\/\/www.fumssar.com.br\/wp-content\/uploads\/2024\/01\/Formato-Site-e-Portal-860X645-JPG-2024-01-29T152513.747-300x225.jpg 300w, https:\/\/www.fumssar.com.br\/wp-content\/uploads\/2024\/01\/Formato-Site-e-Portal-860X645-JPG-2024-01-29T152513.747-768x576.jpg 768w\" sizes=\"(max-width: 860px) 100vw, 860px\" \/><\/figure>\n\n\n\n<p>A\nsa\u00fade tem sido uma das prioridades do Governo Municipal. Com o objetivo de\napresentar com transpar\u00eancia os servi\u00e7os realizados no ano que passou, est\u00e3o\nsendo divulgadas as retrospectivas das 18 Unidades B\u00e1sicas de Sa\u00fade da FUMSSAR.\nNa UBS J\u00falio de Oliveira, foram realizados em 2023, cerca de 86 mil\nprocedimentos. A equipe que atua na unidade promoveu diversas atividades junto \u00e0\ncomunidade, com destaque para o Outubro Rosa, Novembro Azul, Feira da Sa\u00fade e a\nComemora\u00e7\u00e3o Alusiva ao Dia da Consci\u00eancia Negra, que ofertou v\u00e1rios servi\u00e7os para\nos cidad\u00e3os.<\/p>\n\n\n\n<p>De\njaneiro a dezembro ocorreram na unidade, 85.998 procedimentos, sendo: 7.838\nconsultas m\u00e9dicas e os demais atendimentos, de enfermagem, odontol\u00f3gicos, com\nnutricionista, psic\u00f3loga, fonoaudi\u00f3loga, farmac\u00eautica, assistente social e\neducadora f\u00edsica. A unidade oferece tamb\u00e9m, atendimento ampliado durante a\nnoite para trabalhadores e portadores de doen\u00e7as cr\u00f4nicas, a fim de melhorar o\ncuidado prestado a cada usu\u00e1rio. No 3\u00ba turno, aconteceram 1.884 consultas. A\nCoordenadora da UBS J\u00falio de Oliveira, Lenita Dalcin, destaca que a equipe est\u00e1\nsempre comprometida em entregar um atendimento qualificado para a popula\u00e7\u00e3o, \u201cO\nano de 2023 foi muito produtivo e teve o prop\u00f3sito de estreitar os la\u00e7os da\nequipe com a comunidade, a fim de qualificar ainda mais o cuidado que prestamos\ntodos os dias\u201d.<\/p>\n\n\n\n<p>Outro\ndestaque de 2023, foram os atendimentos em grupo: grupo de gestante, grupos de\nbenefici\u00e1rios do Programa Aux\u00edlio Brasil, oficinas terap\u00eauticas, grupo de\natividades f\u00edsicas, grupo de desenvolvimento da fala, grupo de terapia infantil\ne a\u00e7\u00f5es do Programa Sa\u00fade na Escola \u2013 PSE. O Presidente da Funda\u00e7\u00e3o de Sa\u00fade,\nD\u00e9lcio Stefan, ressalta tamb\u00e9m, que esta \u00e9 a \u00fanica UBS em Santa Rosa que faz\nparte da Rede Bem Cuidar, Programa de Incentivo para Aten\u00e7\u00e3o Prim\u00e1ria \u00e0 Sa\u00fade \u2013\nPIAPS, do Governo do RS, \u201cEste \u00e9 um excelente programa que tem como proposta a\ncolabora\u00e7\u00e3o m\u00fatua entre as gest\u00f5es estadual e municipal, os trabalhadores da\nsa\u00fade e a popula\u00e7\u00e3o. O objetivo \u00e9 incentivar a melhoria e o fortalecimento dos\nservi\u00e7os oferecidos atrav\u00e9s da Aten\u00e7\u00e3o Prim\u00e1ria aos usu\u00e1rios do SUS\u201d.<\/p>\n\n\n\n<p>A\nUBS J\u00falio de Oliveira \u00e9 respons\u00e1vel pelo atendimento de 3.833 pessoas (1.956\nhomens e 1.877 mulheres). A unidade conta ainda, com a participa\u00e7\u00e3o efetiva de\nintegrantes do Programa de Resid\u00eancia Multiprofissional da FUMSSAR. Fazem parte\nda \u00e1rea de abrang\u00eancia da unidade, as seguintes localidades: Vila Speroni, Vila\nValdemar Pisoni e Lajeado Capim.<\/p>\n","protected":false},"excerpt":{"rendered":"<p>A sa\u00fade tem sido uma das prioridades do Governo Municipal. Com o objetivo de apresentar&#8230;<\/p>\n","protected":false},"author":36,"featured_media":26206,"comment_status":"closed","ping_status":"closed","sticky":false,"template":"","format":"standard","meta":{"footnotes":""},"categories":[2],"tags":[],"_links":{"self":[{"href":"https:\/\/www.fumssar.com.br\/index.php?rest_route=\/wp\/v2\/posts\/26204"}],"collection":[{"href":"https:\/\/www.fumssar.com.br\/index.php?rest_route=\/wp\/v2\/posts"}],"about":[{"href":"https:\/\/www.fumssar.com.br\/index.php?rest_route=\/wp\/v2\/types\/post"}],"author":[{"embeddable":true,"href":"https:\/\/www.fumssar.com.br\/index.php?rest_route=\/wp\/v2\/users\/36"}],"replies":[{"embeddable":true,"href":"https:\/\/www.fumssar.com.br\/index.php?rest_route=%2Fwp%2Fv2%2Fcomments&post=26204"}],"version-history":[{"count":1,"href":"https:\/\/www.fumssar.com.br\/index.php?rest_route=\/wp\/v2\/posts\/26204\/revisions"}],"predecessor-version":[{"id":26207,"href":"https:\/\/www.fumssar.com.br\/index.php?rest_route=\/wp\/v2\/posts\/26204\/revisions\/26207"}],"wp:featuredmedia":[{"embeddable":true,"href":"https:\/\/www.fumssar.com.br\/index.php?rest_route=\/wp\/v2\/media\/26206"}],"wp:attachment":[{"href":"https:\/\/www.fumssar.com.br\/index.php?rest_route=%2Fwp%2Fv2%2Fmedia&parent=26204"}],"wp:term":[{"taxonomy":"category","embeddable":true,"href":"https:\/\/www.fumssar.com.br\/index.php?rest_route=%2Fwp%2Fv2%2Fcategories&post=26204"},{"taxonomy":"post_tag","embeddable":true,"href":"https:\/\/www.fumssar.com.br\/index.php?rest_route=%2Fwp%2Fv2%2Ftags&post=26204"}],"curies":[{"name":"wp","href":"https:\/\/api.w.org\/{rel}","templated":true}]}}