{"id":26127,"date":"2024-01-23T17:08:28","date_gmt":"2024-01-23T20:08:28","guid":{"rendered":"http:\/\/www.fumssar.com.br\/?p=26127"},"modified":"2024-10-07T16:29:51","modified_gmt":"2024-10-07T19:29:51","slug":"retrospectiva-unidades-basicas-de-saude-gloria-2","status":"publish","type":"post","link":"https:\/\/www.fumssar.com.br\/?p=26127","title":{"rendered":"Retrospectiva Unidades B\u00e1sicas de Sa\u00fade: Gl\u00f3ria"},"content":{"rendered":"\n<figure class=\"wp-block-image\"><img loading=\"lazy\" decoding=\"async\" width=\"860\" height=\"645\" src=\"https:\/\/www.fumssar.com.br\/wp-content\/uploads\/2024\/01\/Formato-Site-e-Portal-860X645-JPG-2024-01-23T165616.927.jpg\" alt=\"\" class=\"wp-image-26128\" srcset=\"https:\/\/www.fumssar.com.br\/wp-content\/uploads\/2024\/01\/Formato-Site-e-Portal-860X645-JPG-2024-01-23T165616.927.jpg 860w, https:\/\/www.fumssar.com.br\/wp-content\/uploads\/2024\/01\/Formato-Site-e-Portal-860X645-JPG-2024-01-23T165616.927-300x225.jpg 300w, https:\/\/www.fumssar.com.br\/wp-content\/uploads\/2024\/01\/Formato-Site-e-Portal-860X645-JPG-2024-01-23T165616.927-768x576.jpg 768w\" sizes=\"(max-width: 860px) 100vw, 860px\" \/><\/figure>\n\n\n\n<p>Nesta\nter\u00e7a-feira (23), o Governo Municipal apresenta a retrospectiva da Unidade\nB\u00e1sica de Sa\u00fade Gl\u00f3ria. Inaugurada em setembro de 2000, o servi\u00e7o faz parte da\nRede de Aten\u00e7\u00e3o B\u00e1sica do munic\u00edpio, composta por 18 UBSs que prestam o\natendimento de sa\u00fade pela FUMSSAR. A equipe que atua na unidade realizou em 2023,\nmais de 42 mil procedimentos. Diversas atividades aconteceram durante o ano, com\ndestaque para os grupos envolvendo a sa\u00fade da mulher, sa\u00fade do idoso e\nenvelhecimento saud\u00e1vel, sa\u00fade do homem, grupo de gin\u00e1stica, oficina\nterap\u00eautica e sa\u00fade mental. Al\u00e9m disso, tamb\u00e9m foram realizadas palestras\neducativas e as a\u00e7\u00f5es do Programa Sa\u00fade na Escola \u2013 PSE.<\/p>\n\n\n\n<p>De\njaneiro a dezembro, foram realizados 42.503 procedimentos pela equipe\nmultiprofissional que atua na unidade. Destes, 3.844 foram com o profissional\nm\u00e9dico, al\u00e9m dos demais atendimentos: de enfermagem, com psic\u00f3loga, nutricionista,\neducador f\u00edsico e fonoaudi\u00f3loga. A Coordenadora da UBS Gl\u00f3ria, Cristiane\nPreissler Roman, destacou o trabalho realizado durante o ano, \u201cA nossa unidade\ntem como objetivo oferecer aos usu\u00e1rios, um atendimento qualificado que\nprioriza as a\u00e7\u00f5es de promo\u00e7\u00e3o, preven\u00e7\u00e3o e recupera\u00e7\u00e3o da sa\u00fade. Agrade\u00e7o a\ntoda a equipe por estarmos juntos nesta importante miss\u00e3o que \u00e9 cuidar da nossa\ncomunidade\u201d.<\/p>\n\n\n\n<p>A\nUBS Gl\u00f3ria \u00e9 respons\u00e1vel por prestar o atendimento de sa\u00fade para 3.898 pessoas\n(1.809 homens e 2.089 mulheres). Para 2024, a coordena\u00e7\u00e3o pretende dar\ncontinuidade no grupo de sa\u00fade mental e nas atividades de preven\u00e7\u00e3o\nrelacionadas \u00e0 sa\u00fade da crian\u00e7a, gestantes, idosos, diab\u00e9ticos, hipertensos, os\ngrupos de atividade f\u00edsica e auriculoterapia. O Presidente da FUMSSAR, D\u00e9lcio\nStefan, ressalta o comprometimento dos profissionais de sa\u00fade de Santa Rosa, \u201cTodas\nas nossas 18 unidades de sa\u00fade contam com excelentes profissionais e equipes completas\nque realizam o cuidado integral dos santa-rosenses\u201d. Fazem parte da \u00e1rea de\nabrang\u00eancia da unidade, os moradores das seguintes localidades: Gl\u00f3ria, Alto da\nGl\u00f3ria, Alian\u00e7a, Alto do Parque, Km 5 e Lajeado Ip\u00ea. A UBS fica localizada na Rua\nGermano Mayer, s\/n, bairro Gl\u00f3ria.<\/p>\n","protected":false},"excerpt":{"rendered":"<p>Nesta ter\u00e7a-feira (23), o Governo Municipal apresenta a retrospectiva da Unidade B\u00e1sica de Sa\u00fade Gl\u00f3ria&#8230;.<\/p>\n","protected":false},"author":36,"featured_media":26129,"comment_status":"closed","ping_status":"closed","sticky":false,"template":"","format":"standard","meta":{"footnotes":""},"categories":[2],"tags":[],"_links":{"self":[{"href":"https:\/\/www.fumssar.com.br\/index.php?rest_route=\/wp\/v2\/posts\/26127"}],"collection":[{"href":"https:\/\/www.fumssar.com.br\/index.php?rest_route=\/wp\/v2\/posts"}],"about":[{"href":"https:\/\/www.fumssar.com.br\/index.php?rest_route=\/wp\/v2\/types\/post"}],"author":[{"embeddable":true,"href":"https:\/\/www.fumssar.com.br\/index.php?rest_route=\/wp\/v2\/users\/36"}],"replies":[{"embeddable":true,"href":"https:\/\/www.fumssar.com.br\/index.php?rest_route=%2Fwp%2Fv2%2Fcomments&post=26127"}],"version-history":[{"count":1,"href":"https:\/\/www.fumssar.com.br\/index.php?rest_route=\/wp\/v2\/posts\/26127\/revisions"}],"predecessor-version":[{"id":26130,"href":"https:\/\/www.fumssar.com.br\/index.php?rest_route=\/wp\/v2\/posts\/26127\/revisions\/26130"}],"wp:featuredmedia":[{"embeddable":true,"href":"https:\/\/www.fumssar.com.br\/index.php?rest_route=\/wp\/v2\/media\/26129"}],"wp:attachment":[{"href":"https:\/\/www.fumssar.com.br\/index.php?rest_route=%2Fwp%2Fv2%2Fmedia&parent=26127"}],"wp:term":[{"taxonomy":"category","embeddable":true,"href":"https:\/\/www.fumssar.com.br\/index.php?rest_route=%2Fwp%2Fv2%2Fcategories&post=26127"},{"taxonomy":"post_tag","embeddable":true,"href":"https:\/\/www.fumssar.com.br\/index.php?rest_route=%2Fwp%2Fv2%2Ftags&post=26127"}],"curies":[{"name":"wp","href":"https:\/\/api.w.org\/{rel}","templated":true}]}}