{"id":26123,"date":"2024-01-22T15:48:45","date_gmt":"2024-01-22T18:48:45","guid":{"rendered":"http:\/\/www.fumssar.com.br\/?p=26123"},"modified":"2024-10-07T16:29:51","modified_gmt":"2024-10-07T19:29:51","slug":"retrospectiva-unidades-basicas-de-saude-esperanca-2","status":"publish","type":"post","link":"https:\/\/www.fumssar.com.br\/?p=26123","title":{"rendered":"Retrospectiva Unidades B\u00e1sicas de Sa\u00fade: Esperan\u00e7a"},"content":{"rendered":"\n<figure class=\"wp-block-image\"><img loading=\"lazy\" decoding=\"async\" width=\"860\" height=\"645\" src=\"https:\/\/www.fumssar.com.br\/wp-content\/uploads\/2024\/01\/Formato-Site-e-Portal-860X645-JPG-2024-01-22T154546.026.jpg\" alt=\"\" class=\"wp-image-26124\" srcset=\"https:\/\/www.fumssar.com.br\/wp-content\/uploads\/2024\/01\/Formato-Site-e-Portal-860X645-JPG-2024-01-22T154546.026.jpg 860w, https:\/\/www.fumssar.com.br\/wp-content\/uploads\/2024\/01\/Formato-Site-e-Portal-860X645-JPG-2024-01-22T154546.026-300x225.jpg 300w, https:\/\/www.fumssar.com.br\/wp-content\/uploads\/2024\/01\/Formato-Site-e-Portal-860X645-JPG-2024-01-22T154546.026-768x576.jpg 768w\" sizes=\"(max-width: 860px) 100vw, 860px\" \/><\/figure>\n\n\n\n<p>Nesta\nsegunda-feira (22), o Governo Municipal apresenta a retrospectiva da Unidade\nB\u00e1sica de Sa\u00fade da Esperan\u00e7a. Inaugurada em janeiro de 1984, o servi\u00e7o completou\n40 anos na \u00faltima sexta-feira (19). A equipe da UBS Esperan\u00e7a realizou em 2023,\ncerca de 73 mil procedimentos. Al\u00e9m disso, diversas a\u00e7\u00f5es aconteceram no\ndecorrer do ano, como: palestras educativas em sa\u00fade, a\u00e7\u00f5es do Programa Sa\u00fade\nna Escola &#8211; PSE, grupos de atividades f\u00edsicas, grupos de tratamento\nantitabagismo, oficinas terap\u00eauticas com atividades manuais, cursos de forma\u00e7\u00e3o\npara oficineiras em parceria com o Senar, Sicredi, Cresol, Secretaria de Agricultura,\nArede, Coopermil e Patronato Agr\u00edcola, al\u00e9m de outros eventos especiais em\ndatas comemorativas.<\/p>\n\n\n\n<p>A\nequipe multiprofissional que atua na unidade realizou de janeiro a dezembro, 72.824\nprocedimentos. Destes, cerca de 500 foram no 3\u00ba turno, implementado em agosto\nna unidade, uma m\u00e9dia de 123 consultas por m\u00eas. Al\u00e9m disso, aconteceram nos demais\nturnos, os demais atendimentos com o profissional m\u00e9dico, de enfermagem, dentista,\npsic\u00f3loga, fonoaudi\u00f3loga, nutricionista e educadora f\u00edsica. Foram realizadas\ntamb\u00e9m, mais de 9.391 visitas domiciliares. O Presidente da FUMSSAR, D\u00e9lcio Stefan,\nressalta que neste ano, mais duas unidades ir\u00e3o oferecer o atendimento no 3\u00ba\nTurno, \u201cEssa \u00e9 uma a\u00e7\u00e3o que vem sendo concretizada pelo governo, para suprir\numa demanda da comunidade e dos trabalhadores que n\u00e3o conseguem acessar \u00e0s\nunidades em hor\u00e1rio comercial. Um cuidado especial com a popula\u00e7\u00e3o que\nfortalece e promove a sa\u00fade integral dos santa-rosenses\u201d.<\/p>\n\n\n\n<p>A\nequipe da UBS Esperan\u00e7a \u00e9 respons\u00e1vel pelo atendimento de 6.886 pessoas (3.245\nhomens e 3.641 mulheres). O Coordenador Aurio Carvalho Spengler, destaca o\ncompromisso da unidade, nestas quatro d\u00e9cadas de hist\u00f3ria, \u201cTemos profissionais\nqualificados que t\u00eam como miss\u00e3o, promover o cuidado integral da popula\u00e7\u00e3o. O\nano que passou foi de grandes desafios e mudan\u00e7as. Tivemos a amplia\u00e7\u00e3o do\nterceiro turno e passamos a atender mais quatro distritos do munic\u00edpio. Nosso\nobjetivo para 2024, \u00e9 seguir na pol\u00edtica da melhoria cont\u00ednua, com amplia\u00e7\u00e3o do\natendimento no terceiro turno para todas as especialidades\u201d. Fazem parte da\n\u00e1rea de abrang\u00eancia da unidade, os moradores dos seguintes locais: Centro (da\nRua Santa Rosa, esquina com Av. Santa Cruz at\u00e9 o Sesc), Vila Kerber,\nWinkelmann, Esperan\u00e7a, Ouro Verde, S\u00e3o Francisco, Imperador, Nova Esperan\u00e7a, Recanto\nVerde, Lajeado Figueira, Linha Faxinal e Lajeado Paulino. <\/p>\n\n\n\n<p>Al\u00e9m\ndos usu\u00e1rios residentes na \u00e1rea de abrang\u00eancia, a Unidade de Sa\u00fade da Esperan\u00e7a\natende tamb\u00e9m, crian\u00e7as e adolescentes institucionalizadas na Apromes. A UBS\nfica localizada na Rua Estanislau Kwiatkowski, n\u00ba 267, no bairro S\u00e3o Francisco.<\/p>\n","protected":false},"excerpt":{"rendered":"<p>Nesta segunda-feira (22), o Governo Municipal apresenta a retrospectiva da Unidade B\u00e1sica de Sa\u00fade da&#8230;<\/p>\n","protected":false},"author":36,"featured_media":26125,"comment_status":"closed","ping_status":"closed","sticky":false,"template":"","format":"standard","meta":{"footnotes":""},"categories":[2],"tags":[],"_links":{"self":[{"href":"https:\/\/www.fumssar.com.br\/index.php?rest_route=\/wp\/v2\/posts\/26123"}],"collection":[{"href":"https:\/\/www.fumssar.com.br\/index.php?rest_route=\/wp\/v2\/posts"}],"about":[{"href":"https:\/\/www.fumssar.com.br\/index.php?rest_route=\/wp\/v2\/types\/post"}],"author":[{"embeddable":true,"href":"https:\/\/www.fumssar.com.br\/index.php?rest_route=\/wp\/v2\/users\/36"}],"replies":[{"embeddable":true,"href":"https:\/\/www.fumssar.com.br\/index.php?rest_route=%2Fwp%2Fv2%2Fcomments&post=26123"}],"version-history":[{"count":1,"href":"https:\/\/www.fumssar.com.br\/index.php?rest_route=\/wp\/v2\/posts\/26123\/revisions"}],"predecessor-version":[{"id":26126,"href":"https:\/\/www.fumssar.com.br\/index.php?rest_route=\/wp\/v2\/posts\/26123\/revisions\/26126"}],"wp:featuredmedia":[{"embeddable":true,"href":"https:\/\/www.fumssar.com.br\/index.php?rest_route=\/wp\/v2\/media\/26125"}],"wp:attachment":[{"href":"https:\/\/www.fumssar.com.br\/index.php?rest_route=%2Fwp%2Fv2%2Fmedia&parent=26123"}],"wp:term":[{"taxonomy":"category","embeddable":true,"href":"https:\/\/www.fumssar.com.br\/index.php?rest_route=%2Fwp%2Fv2%2Fcategories&post=26123"},{"taxonomy":"post_tag","embeddable":true,"href":"https:\/\/www.fumssar.com.br\/index.php?rest_route=%2Fwp%2Fv2%2Ftags&post=26123"}],"curies":[{"name":"wp","href":"https:\/\/api.w.org\/{rel}","templated":true}]}}