{"id":26022,"date":"2024-01-15T15:27:45","date_gmt":"2024-01-15T18:27:45","guid":{"rendered":"http:\/\/www.fumssar.com.br\/?p=26022"},"modified":"2024-01-15T15:27:47","modified_gmt":"2024-01-15T18:27:47","slug":"edital-de-convocacao-no-04-2024","status":"publish","type":"post","link":"https:\/\/www.fumssar.com.br\/?p=26022","title":{"rendered":"EDITAL DE CONVOCA\u00c7\u00c3O N\u00ba 04\/2024"},"content":{"rendered":"\n<p style=\"text-align:left\">O Presidente da Funda\u00e7\u00e3o Municipal de Sa\u00fade de Santa Rosa, no uso de suas atribui\u00e7\u00f5es legais comunica que dever\u00e1(\u00e3o) comparecer na Funda\u00e7\u00e3o Municipal de Sa\u00fade de Santa Rosa, sito \u00e0 Rua Dr. Francisco Timm, n\u00ba 480, para assumir vaga, por tempo determinado, conforme manifesta\u00e7\u00e3o de interesse e melhor coloca\u00e7\u00e3o dos convocados pelo edital n\u00ba 03\/2024. Informa ainda que o(s) candidato(s) que n\u00e3o se apresentar(em) no prazo m\u00e1ximo de 03 (tr\u00eas) dias ap\u00f3s esta publica\u00e7\u00e3o, ser\u00e1(\u00e3o) considerado(s) desistente(s) tacitamente.<\/p>\n\n\n\n<p>SELE\u00c7\u00c3O\nP\u00daBLICA TEMPOR\u00c1RIA 04\/2022<\/p>\n\n\n\n<p>ENFERMEIRO GERAL<\/p>\n\n\n\n<p>EZEQUIEL MARTINS DE OLIVEIRA J\u00daNIOR\n(20\u00aa coloca\u00e7\u00e3o)<\/p>\n\n\n\n<p>ROSEMERI SECKLER SOARES (21\u00aa coloca\u00e7\u00e3o)<\/p>\n\n\n\n<p>GABINETE DO PRESIDENTE DA FUNDA\u00c7\u00c3O\nMUNICIPAL DE SA\u00daDE DE SANTA ROSA, EM 15 DE JANEIRO DE 2024.<\/p>\n\n\n\n<p>ROG\u00c9RIO SILVA DOS SANTOS<\/p>\n\n\n\n<p>Presidente Substituto da FUMSSAR<\/p>\n\n\n\n<div class=\"wp-block-file\"><a href=\"https:\/\/www.fumssar.com.br\/wp-content\/uploads\/2024\/01\/Edital-de-convoca\u00e7\u00e3o-04.2024-sele\u00e7\u00e3o-1.pdf\">Edital-de-convoca\u00e7\u00e3o-04.2024-sele\u00e7\u00e3o-1<\/a><a href=\"https:\/\/www.fumssar.com.br\/wp-content\/uploads\/2024\/01\/Edital-de-convoca\u00e7\u00e3o-04.2024-sele\u00e7\u00e3o-1.pdf\" class=\"wp-block-file__button\" download>Baixar<\/a><\/div>\n","protected":false},"excerpt":{"rendered":"<p>O Presidente da Funda\u00e7\u00e3o Municipal de Sa\u00fade de Santa Rosa, no uso de suas atribui\u00e7\u00f5es&#8230;<\/p>\n","protected":false},"author":33,"featured_media":0,"comment_status":"open","ping_status":"open","sticky":false,"template":"","format":"standard","meta":{"footnotes":""},"categories":[1],"tags":[],"_links":{"self":[{"href":"https:\/\/www.fumssar.com.br\/index.php?rest_route=\/wp\/v2\/posts\/26022"}],"collection":[{"href":"https:\/\/www.fumssar.com.br\/index.php?rest_route=\/wp\/v2\/posts"}],"about":[{"href":"https:\/\/www.fumssar.com.br\/index.php?rest_route=\/wp\/v2\/types\/post"}],"author":[{"embeddable":true,"href":"https:\/\/www.fumssar.com.br\/index.php?rest_route=\/wp\/v2\/users\/33"}],"replies":[{"embeddable":true,"href":"https:\/\/www.fumssar.com.br\/index.php?rest_route=%2Fwp%2Fv2%2Fcomments&post=26022"}],"version-history":[{"count":2,"href":"https:\/\/www.fumssar.com.br\/index.php?rest_route=\/wp\/v2\/posts\/26022\/revisions"}],"predecessor-version":[{"id":26026,"href":"https:\/\/www.fumssar.com.br\/index.php?rest_route=\/wp\/v2\/posts\/26022\/revisions\/26026"}],"wp:attachment":[{"href":"https:\/\/www.fumssar.com.br\/index.php?rest_route=%2Fwp%2Fv2%2Fmedia&parent=26022"}],"wp:term":[{"taxonomy":"category","embeddable":true,"href":"https:\/\/www.fumssar.com.br\/index.php?rest_route=%2Fwp%2Fv2%2Fcategories&post=26022"},{"taxonomy":"post_tag","embeddable":true,"href":"https:\/\/www.fumssar.com.br\/index.php?rest_route=%2Fwp%2Fv2%2Ftags&post=26022"}],"curies":[{"name":"wp","href":"https:\/\/api.w.org\/{rel}","templated":true}]}}