{"id":25997,"date":"2024-01-09T16:06:52","date_gmt":"2024-01-09T19:06:52","guid":{"rendered":"http:\/\/www.fumssar.com.br\/?p=25997"},"modified":"2024-10-07T16:29:51","modified_gmt":"2024-10-07T19:29:51","slug":"fumssar-promove-acoes-para-o-mes-do-janeiro-branco","status":"publish","type":"post","link":"https:\/\/www.fumssar.com.br\/?p=25997","title":{"rendered":"FUMSSAR promove a\u00e7\u00f5es para o m\u00eas do Janeiro Branco"},"content":{"rendered":"\n<figure class=\"wp-block-image\"><img loading=\"lazy\" decoding=\"async\" width=\"860\" height=\"645\" src=\"https:\/\/www.fumssar.com.br\/wp-content\/uploads\/2024\/01\/Formato-Site-e-Portal-860X645-JPG-2024-01-09T155657.404.jpg\" alt=\"\" class=\"wp-image-25998\" srcset=\"https:\/\/www.fumssar.com.br\/wp-content\/uploads\/2024\/01\/Formato-Site-e-Portal-860X645-JPG-2024-01-09T155657.404.jpg 860w, https:\/\/www.fumssar.com.br\/wp-content\/uploads\/2024\/01\/Formato-Site-e-Portal-860X645-JPG-2024-01-09T155657.404-300x225.jpg 300w, https:\/\/www.fumssar.com.br\/wp-content\/uploads\/2024\/01\/Formato-Site-e-Portal-860X645-JPG-2024-01-09T155657.404-768x576.jpg 768w\" sizes=\"(max-width: 860px) 100vw, 860px\" \/><\/figure>\n\n\n\n<p><br>Janeiro \u00e9 o m\u00eas da reflex\u00e3o e da renova\u00e7\u00e3o de a\u00e7\u00f5es e pensamentos para o novo ano que se inicia. E \u00e9 neste per\u00edodo de reavalia\u00e7\u00e3o que, desde 2014, acontece a campanha \u201cJaneiro Branco\u201d, uma iniciativa social com o objetivo de chamar a aten\u00e7\u00e3o das pessoas, para a import\u00e2ncia dos cuidados com a sa\u00fade mental. Nesta\u00a0ter\u00e7a-feira (09), a FUMSSAR deu in\u00edcio \u00e0s atividades do Janeiro Branco com o Ped\u00e1gio Consciente. Durante toda a semana, diversas a\u00e7\u00f5es voltadas para os cuidados com a sa\u00fade mental, v\u00e3o acontecer na cidade.<\/p>\n\n\n\n<p><br>Neste ano o lema \u00e9 \u201cSa\u00fade Mental enquanto h\u00e1 tempo\u201d. A Gerente da Rede de Aten\u00e7\u00e3o Psicossocial da FUMSSAR, Fl\u00e1via Albuquerque, destaca a import\u00e2ncia do foco na preven\u00e7\u00e3o, \u201cO Janeiro Branco \u00e9 o m\u00eas de conscientiza\u00e7\u00e3o sobre os cuidados em sa\u00fade mental, desta forma estamos promovendo diversas a\u00e7\u00f5es de autocuidado e reflex\u00e3o para que possamos construir uma cultura da Sa\u00fade Mental e de bem-estar nas pessoas, ampliando a consci\u00eancia sobre como criar uma qualidade de vida emocional\u201d. Ela acentua que os atendimentos v\u00eam aumentando significativamente no momento que a sa\u00fade mental \u00e9 esclarecida, dando acesso aos usu\u00e1rios atrav\u00e9s de servi\u00e7os que cuidam e tratam da sa\u00fade mental no munic\u00edpio. No ano passado uma m\u00e9dia de 800 atendimentos\/m\u00eas foram realizados em cada CAPS. A FUMSSAR conta equipes multiprofissionais qualificadas com m\u00e9dicos psiquiatras, neurologistas e cl\u00ednico geral, al\u00e9m de psic\u00f3logas, terapeuta ocupacional, assistentes sociais, enfermeiras, oficineiras, educador f\u00edsico e t\u00e9cnicos de enfermagem.<\/p>\n\n\n\n<p><br>A programa\u00e7\u00e3o do Janeiro Branco \u00e9 voltada principalmente, para as pessoas com transtorno mental e\/ou sofrimento ps\u00edquico, que est\u00e3o em tratamento na rede p\u00fablica de sa\u00fade de Santa Rosa. Dentre as atividades propostas, est\u00e3o as pr\u00e1ticas esportivas e palestras informativas. Investir na qualidade de vida atrav\u00e9s do esporte; melhorar h\u00e1bitos alimentares; estar atento \u00e0 qualidade do sono e realizar atividades que promovem o bem-estar e previnem as doen\u00e7as. Na\u00a0quarta-feira (10), \u00e0s 14h,\u00a0ter\u00e1 um jogo de Beach Tennis na Arena Pool Beach. Na\u00a0ter\u00e7a-feira (16), a equipe do Caps II vai proporcionar uma escuta Psicossocial a partir das 18 horas. J\u00e1 na\u00a0quarta-feira (17), vai acontecer um passeio cicl\u00edstico, com sa\u00edda \u00e0s 19h, em frente ao CAPS II Novo Rumo (no bairro cruzeiro ao lado do antigo CSU), indo at\u00e9 o Tape Por\u00e3 (em frente ao Stok Center). No dia\u00a019 de janeiro\u00a0vai\u00a0ter\u00a0o cinema Sesc, \u00e0s 14h, com o filme: O m\u00ednimo para viver. J\u00e1 no dia 25\/01, \u00e0s 19h30min, o cinema ser\u00e1 ao ar livre com o filme: Divertidamente. A sess\u00e3o vai acontecer no Centro Cultural em frente a pra\u00e7a da Bandeira. Para finalizar as atividades do m\u00eas, um piquenique ser\u00e1 realizado na pra\u00e7a do Centro Social Urbano de Cruzeiro, \u00e0s 14h, com apresenta\u00e7\u00e3o do grupo de m\u00fasica do CAPS. <\/p>\n\n\n\n<figure class=\"wp-block-image\"><img loading=\"lazy\" decoding=\"async\" width=\"860\" height=\"645\" src=\"https:\/\/www.fumssar.com.br\/wp-content\/uploads\/2024\/01\/Formato-Site-e-Portal-860X645-JPG-2024-01-09T155709.581.jpg\" alt=\"\" class=\"wp-image-25999\" srcset=\"https:\/\/www.fumssar.com.br\/wp-content\/uploads\/2024\/01\/Formato-Site-e-Portal-860X645-JPG-2024-01-09T155709.581.jpg 860w, https:\/\/www.fumssar.com.br\/wp-content\/uploads\/2024\/01\/Formato-Site-e-Portal-860X645-JPG-2024-01-09T155709.581-300x225.jpg 300w, https:\/\/www.fumssar.com.br\/wp-content\/uploads\/2024\/01\/Formato-Site-e-Portal-860X645-JPG-2024-01-09T155709.581-768x576.jpg 768w\" sizes=\"(max-width: 860px) 100vw, 860px\" \/><\/figure>\n","protected":false},"excerpt":{"rendered":"<p>Janeiro \u00e9 o m\u00eas da reflex\u00e3o e da renova\u00e7\u00e3o de a\u00e7\u00f5es e pensamentos para o&#8230;<\/p>\n","protected":false},"author":36,"featured_media":25998,"comment_status":"open","ping_status":"open","sticky":false,"template":"","format":"standard","meta":{"footnotes":""},"categories":[2],"tags":[],"_links":{"self":[{"href":"https:\/\/www.fumssar.com.br\/index.php?rest_route=\/wp\/v2\/posts\/25997"}],"collection":[{"href":"https:\/\/www.fumssar.com.br\/index.php?rest_route=\/wp\/v2\/posts"}],"about":[{"href":"https:\/\/www.fumssar.com.br\/index.php?rest_route=\/wp\/v2\/types\/post"}],"author":[{"embeddable":true,"href":"https:\/\/www.fumssar.com.br\/index.php?rest_route=\/wp\/v2\/users\/36"}],"replies":[{"embeddable":true,"href":"https:\/\/www.fumssar.com.br\/index.php?rest_route=%2Fwp%2Fv2%2Fcomments&post=25997"}],"version-history":[{"count":1,"href":"https:\/\/www.fumssar.com.br\/index.php?rest_route=\/wp\/v2\/posts\/25997\/revisions"}],"predecessor-version":[{"id":26000,"href":"https:\/\/www.fumssar.com.br\/index.php?rest_route=\/wp\/v2\/posts\/25997\/revisions\/26000"}],"wp:featuredmedia":[{"embeddable":true,"href":"https:\/\/www.fumssar.com.br\/index.php?rest_route=\/wp\/v2\/media\/25998"}],"wp:attachment":[{"href":"https:\/\/www.fumssar.com.br\/index.php?rest_route=%2Fwp%2Fv2%2Fmedia&parent=25997"}],"wp:term":[{"taxonomy":"category","embeddable":true,"href":"https:\/\/www.fumssar.com.br\/index.php?rest_route=%2Fwp%2Fv2%2Fcategories&post=25997"},{"taxonomy":"post_tag","embeddable":true,"href":"https:\/\/www.fumssar.com.br\/index.php?rest_route=%2Fwp%2Fv2%2Ftags&post=25997"}],"curies":[{"name":"wp","href":"https:\/\/api.w.org\/{rel}","templated":true}]}}