{"id":25994,"date":"2024-01-08T16:13:41","date_gmt":"2024-01-08T19:13:41","guid":{"rendered":"http:\/\/www.fumssar.com.br\/?p=25994"},"modified":"2024-10-07T16:29:51","modified_gmt":"2024-10-07T19:29:51","slug":"informamos","status":"publish","type":"post","link":"https:\/\/www.fumssar.com.br\/?p=25994","title":{"rendered":"Informamos:"},"content":{"rendered":"\n<figure class=\"wp-block-image\"><img loading=\"lazy\" decoding=\"async\" width=\"860\" height=\"645\" src=\"https:\/\/www.fumssar.com.br\/wp-content\/uploads\/2024\/01\/Formato-Site-e-Portal-860X645-JPG-2024-01-08T134621.777.jpg\" alt=\"\" class=\"wp-image-25995\" srcset=\"https:\/\/www.fumssar.com.br\/wp-content\/uploads\/2024\/01\/Formato-Site-e-Portal-860X645-JPG-2024-01-08T134621.777.jpg 860w, https:\/\/www.fumssar.com.br\/wp-content\/uploads\/2024\/01\/Formato-Site-e-Portal-860X645-JPG-2024-01-08T134621.777-300x225.jpg 300w, https:\/\/www.fumssar.com.br\/wp-content\/uploads\/2024\/01\/Formato-Site-e-Portal-860X645-JPG-2024-01-08T134621.777-768x576.jpg 768w\" sizes=\"(max-width: 860px) 100vw, 860px\" \/><\/figure>\n\n\n\n<p><br><em>Em fun\u00e7\u00e3o dos fortes ventos na tarde do \u00faltimo\u00a0domingo(07), algumas Unidades de Sa\u00fade est\u00e3o com altera\u00e7\u00e3o no atendimento. Em Bela Uni\u00e3o, um raio atingiu a parte el\u00e9trica, em fun\u00e7\u00e3o disso ocorreu um princ\u00edpio de inc\u00eandio. A Unidade est\u00e1 fechada e dever\u00e1 permanecer assim nos pr\u00f3ximos 30 dias. Os pacientes est\u00e3o sendo direcionados para a Unidade Avan\u00e7ada de Candeia, \u201cEstamos adequando a Unidade para poder atender essa demanda a mais de Bela Uni\u00e3o, enquanto estivermos com obra, pedimos a compreens\u00e3o da comunidade\u201d, destaca Rog\u00e9rio, Presidente da FUMSSAR. A UBS Pereira tamb\u00e9m teve problemas el\u00e9tricos devido a uma \u00e1rvore que caiu nas proximidades. Os pacientes e equipe foram direcionados para outras Unidades enquanto a equipe de manuten\u00e7\u00e3o est\u00e1 avaliando a situa\u00e7\u00e3o da Unidade da Pereira. J\u00e1 nas Unidades da Petr\u00f3polis e Planalto est\u00e3o sem energia el\u00e9trica.<\/em><\/p>\n","protected":false},"excerpt":{"rendered":"<p>Em fun\u00e7\u00e3o dos fortes ventos na tarde do \u00faltimo\u00a0domingo(07), algumas Unidades de Sa\u00fade est\u00e3o com&#8230;<\/p>\n","protected":false},"author":36,"featured_media":25995,"comment_status":"open","ping_status":"open","sticky":false,"template":"","format":"standard","meta":{"footnotes":""},"categories":[2],"tags":[],"_links":{"self":[{"href":"https:\/\/www.fumssar.com.br\/index.php?rest_route=\/wp\/v2\/posts\/25994"}],"collection":[{"href":"https:\/\/www.fumssar.com.br\/index.php?rest_route=\/wp\/v2\/posts"}],"about":[{"href":"https:\/\/www.fumssar.com.br\/index.php?rest_route=\/wp\/v2\/types\/post"}],"author":[{"embeddable":true,"href":"https:\/\/www.fumssar.com.br\/index.php?rest_route=\/wp\/v2\/users\/36"}],"replies":[{"embeddable":true,"href":"https:\/\/www.fumssar.com.br\/index.php?rest_route=%2Fwp%2Fv2%2Fcomments&post=25994"}],"version-history":[{"count":1,"href":"https:\/\/www.fumssar.com.br\/index.php?rest_route=\/wp\/v2\/posts\/25994\/revisions"}],"predecessor-version":[{"id":25996,"href":"https:\/\/www.fumssar.com.br\/index.php?rest_route=\/wp\/v2\/posts\/25994\/revisions\/25996"}],"wp:featuredmedia":[{"embeddable":true,"href":"https:\/\/www.fumssar.com.br\/index.php?rest_route=\/wp\/v2\/media\/25995"}],"wp:attachment":[{"href":"https:\/\/www.fumssar.com.br\/index.php?rest_route=%2Fwp%2Fv2%2Fmedia&parent=25994"}],"wp:term":[{"taxonomy":"category","embeddable":true,"href":"https:\/\/www.fumssar.com.br\/index.php?rest_route=%2Fwp%2Fv2%2Fcategories&post=25994"},{"taxonomy":"post_tag","embeddable":true,"href":"https:\/\/www.fumssar.com.br\/index.php?rest_route=%2Fwp%2Fv2%2Ftags&post=25994"}],"curies":[{"name":"wp","href":"https:\/\/api.w.org\/{rel}","templated":true}]}}