{"id":25939,"date":"2024-01-02T14:24:33","date_gmt":"2024-01-02T17:24:33","guid":{"rendered":"http:\/\/www.fumssar.com.br\/?p=25939"},"modified":"2024-10-07T16:29:51","modified_gmt":"2024-10-07T19:29:51","slug":"vacinacao-covid-19-em-santa-rosa","status":"publish","type":"post","link":"https:\/\/www.fumssar.com.br\/?p=25939","title":{"rendered":"Vacina\u00e7\u00e3o COVID-19 em Santa Rosa"},"content":{"rendered":"\n<ul class=\"wp-block-gallery columns-2 is-cropped wp-block-gallery-1 is-layout-flex wp-block-gallery-is-layout-flex\"><li class=\"blocks-gallery-item\"><figure><img loading=\"lazy\" decoding=\"async\" width=\"1024\" height=\"1024\" src=\"https:\/\/www.fumssar.com.br\/wp-content\/uploads\/2024\/01\/Vacina-COVID-Adulto-1024x1024.png\" alt=\"\" data-id=\"25941\" data-link=\"https:\/\/www.fumssar.com.br\/?attachment_id=25941\" class=\"wp-image-25941\" srcset=\"https:\/\/www.fumssar.com.br\/wp-content\/uploads\/2024\/01\/Vacina-COVID-Adulto-1024x1024.png 1024w, https:\/\/www.fumssar.com.br\/wp-content\/uploads\/2024\/01\/Vacina-COVID-Adulto-150x150.png 150w, https:\/\/www.fumssar.com.br\/wp-content\/uploads\/2024\/01\/Vacina-COVID-Adulto-300x300.png 300w, https:\/\/www.fumssar.com.br\/wp-content\/uploads\/2024\/01\/Vacina-COVID-Adulto-768x768.png 768w, https:\/\/www.fumssar.com.br\/wp-content\/uploads\/2024\/01\/Vacina-COVID-Adulto.png 1080w\" sizes=\"(max-width: 1024px) 100vw, 1024px\" \/><\/figure><\/li><li class=\"blocks-gallery-item\"><figure><img loading=\"lazy\" decoding=\"async\" width=\"1024\" height=\"1024\" src=\"https:\/\/www.fumssar.com.br\/wp-content\/uploads\/2024\/01\/Vacina-COVID-Infantil-1-1024x1024.png\" alt=\"\" data-id=\"25943\" data-link=\"https:\/\/www.fumssar.com.br\/?attachment_id=25943\" class=\"wp-image-25943\" srcset=\"https:\/\/www.fumssar.com.br\/wp-content\/uploads\/2024\/01\/Vacina-COVID-Infantil-1-1024x1024.png 1024w, https:\/\/www.fumssar.com.br\/wp-content\/uploads\/2024\/01\/Vacina-COVID-Infantil-1-150x150.png 150w, https:\/\/www.fumssar.com.br\/wp-content\/uploads\/2024\/01\/Vacina-COVID-Infantil-1-300x300.png 300w, https:\/\/www.fumssar.com.br\/wp-content\/uploads\/2024\/01\/Vacina-COVID-Infantil-1-768x768.png 768w, https:\/\/www.fumssar.com.br\/wp-content\/uploads\/2024\/01\/Vacina-COVID-Infantil-1.png 1080w\" sizes=\"(max-width: 1024px) 100vw, 1024px\" \/><\/figure><\/li><\/ul>\n\n\n\n<p>A Funda\u00e7\u00e3o Municipal de Sa\u00fade de Santa Rosa informa a popula\u00e7\u00e3o o novo cronograma de aplica\u00e7\u00e3o da vacina contra a COVID-19 no munic\u00edpio. A imuniza\u00e7\u00e3o bivalente para adultos a partir dos 18 anos de idade, vai acontecer todas as segundas-feiras, no turno da tarde, das 13h30min \u00e0s 17h, em todas as Unidades B\u00e1sicas de Sa\u00fade. A 2\u00aa dose de refor\u00e7o da vacina Pfizer Bivalente, dispon\u00edvel para imunocomprometidos a partir de 12 anos de idade e idosos, a partir de 60 anos, tamb\u00e9m ser\u00e1 aplicada neste mesmo hor\u00e1rio (intervalo deve ser de 6 meses da \u00faltima dose). A lista de imunocomprometidos pode ser conferida ao final desta mat\u00e9ria.&nbsp;&nbsp;&nbsp;&nbsp;&nbsp;&nbsp;&nbsp;&nbsp;&nbsp;&nbsp;&nbsp;&nbsp;&nbsp;&nbsp;&nbsp;&nbsp;&nbsp;&nbsp;&nbsp;&nbsp;&nbsp;&nbsp;&nbsp;&nbsp;&nbsp;&nbsp;&nbsp;&nbsp;&nbsp;&nbsp;&nbsp; <\/p>\n\n\n\n<p>J\u00e1\npara o p\u00fablico infantil, a imuniza\u00e7\u00e3o contra a COVID-19 ser\u00e1 realizada uma vez\npor m\u00eas, nas UBSs do munic\u00edpio, conforme calend\u00e1rio divulgado pela FUMSSAR e\nagendamento pr\u00e9vio, pessoalmente ou por telefone, com exce\u00e7\u00e3o do interior (Guia\nLopes, Sete de Setembro e Bela Uni\u00e3o), que as vacinas ser\u00e3o agendadas na\nunidade mais pr\u00f3xima do solicitante. A vacina\u00e7\u00e3o infantil est\u00e1 dispon\u00edvel para\ncrian\u00e7as a partir dos 6 meses de idade e est\u00e3o previstas doses em todas as\ndemais faixas et\u00e1rias. <\/p>\n\n\n\n<p>Confira a seguir, as pr\u00f3ximas datas da vacina\u00e7\u00e3o <em>COVID Infantil<\/em>: <strong>08\/01, 05\/02, 04\/03, 01\/04, 06\/05, 03\/06 e 01\/07<\/strong> (com agendamento pr\u00e9vio).<\/p>\n\n\n\n<p>A equipe da FUMSSAR ainda refor\u00e7a para a popula\u00e7\u00e3o que iniciou o esquema vacinal contra a COVID-19, tanto em adultos, como em crian\u00e7as e adolescentes, que procurem as Unidades de Sa\u00fade e completem suas doses. Ao comparecer para a vacina\u00e7\u00e3o, levar junto documento de identifica\u00e7\u00e3o e a Caderneta de Vacina\u00e7\u00e3o.<\/p>\n\n\n\n<figure class=\"wp-block-image\"><img loading=\"lazy\" decoding=\"async\" width=\"1024\" height=\"359\" src=\"https:\/\/www.fumssar.com.br\/wp-content\/uploads\/2024\/01\/WhatsApp-Image-2023-12-27-at-08.44.22-1024x359.jpeg\" alt=\"\" class=\"wp-image-25944\" srcset=\"https:\/\/www.fumssar.com.br\/wp-content\/uploads\/2024\/01\/WhatsApp-Image-2023-12-27-at-08.44.22-1024x359.jpeg 1024w, https:\/\/www.fumssar.com.br\/wp-content\/uploads\/2024\/01\/WhatsApp-Image-2023-12-27-at-08.44.22-300x105.jpeg 300w, https:\/\/www.fumssar.com.br\/wp-content\/uploads\/2024\/01\/WhatsApp-Image-2023-12-27-at-08.44.22-768x269.jpeg 768w, https:\/\/www.fumssar.com.br\/wp-content\/uploads\/2024\/01\/WhatsApp-Image-2023-12-27-at-08.44.22.jpeg 1046w\" sizes=\"(max-width: 1024px) 100vw, 1024px\" \/><\/figure>\n","protected":false},"excerpt":{"rendered":"<p>A Funda\u00e7\u00e3o Municipal de Sa\u00fade de Santa Rosa informa a popula\u00e7\u00e3o o novo cronograma de&#8230;<\/p>\n","protected":false},"author":36,"featured_media":25942,"comment_status":"closed","ping_status":"closed","sticky":false,"template":"","format":"standard","meta":{"footnotes":""},"categories":[152,2],"tags":[],"_links":{"self":[{"href":"https:\/\/www.fumssar.com.br\/index.php?rest_route=\/wp\/v2\/posts\/25939"}],"collection":[{"href":"https:\/\/www.fumssar.com.br\/index.php?rest_route=\/wp\/v2\/posts"}],"about":[{"href":"https:\/\/www.fumssar.com.br\/index.php?rest_route=\/wp\/v2\/types\/post"}],"author":[{"embeddable":true,"href":"https:\/\/www.fumssar.com.br\/index.php?rest_route=\/wp\/v2\/users\/36"}],"replies":[{"embeddable":true,"href":"https:\/\/www.fumssar.com.br\/index.php?rest_route=%2Fwp%2Fv2%2Fcomments&post=25939"}],"version-history":[{"count":2,"href":"https:\/\/www.fumssar.com.br\/index.php?rest_route=\/wp\/v2\/posts\/25939\/revisions"}],"predecessor-version":[{"id":25946,"href":"https:\/\/www.fumssar.com.br\/index.php?rest_route=\/wp\/v2\/posts\/25939\/revisions\/25946"}],"wp:featuredmedia":[{"embeddable":true,"href":"https:\/\/www.fumssar.com.br\/index.php?rest_route=\/wp\/v2\/media\/25942"}],"wp:attachment":[{"href":"https:\/\/www.fumssar.com.br\/index.php?rest_route=%2Fwp%2Fv2%2Fmedia&parent=25939"}],"wp:term":[{"taxonomy":"category","embeddable":true,"href":"https:\/\/www.fumssar.com.br\/index.php?rest_route=%2Fwp%2Fv2%2Fcategories&post=25939"},{"taxonomy":"post_tag","embeddable":true,"href":"https:\/\/www.fumssar.com.br\/index.php?rest_route=%2Fwp%2Fv2%2Ftags&post=25939"}],"curies":[{"name":"wp","href":"https:\/\/api.w.org\/{rel}","templated":true}]}}