{"id":25886,"date":"2023-12-28T14:52:07","date_gmt":"2023-12-28T17:52:07","guid":{"rendered":"http:\/\/www.fumssar.com.br\/?p=25886"},"modified":"2024-10-07T16:29:51","modified_gmt":"2024-10-07T19:29:51","slug":"prefeito-schmidt-realiza-visita-na-fumssar","status":"publish","type":"post","link":"https:\/\/www.fumssar.com.br\/?p=25886","title":{"rendered":"Prefeito Schmidt realiza visita na FUMSSAR"},"content":{"rendered":"\n<figure class=\"wp-block-image\"><img loading=\"lazy\" decoding=\"async\" width=\"860\" height=\"645\" src=\"https:\/\/www.fumssar.com.br\/wp-content\/uploads\/2023\/12\/Formato-Site-e-Portal-860X645-JPG-2023-12-28T144924.277.jpg\" alt=\"\" class=\"wp-image-25887\" srcset=\"https:\/\/www.fumssar.com.br\/wp-content\/uploads\/2023\/12\/Formato-Site-e-Portal-860X645-JPG-2023-12-28T144924.277.jpg 860w, https:\/\/www.fumssar.com.br\/wp-content\/uploads\/2023\/12\/Formato-Site-e-Portal-860X645-JPG-2023-12-28T144924.277-300x225.jpg 300w, https:\/\/www.fumssar.com.br\/wp-content\/uploads\/2023\/12\/Formato-Site-e-Portal-860X645-JPG-2023-12-28T144924.277-768x576.jpg 768w\" sizes=\"(max-width: 860px) 100vw, 860px\" \/><\/figure>\n\n\n\n<p>O\nPrefeito em Exerc\u00edcio, Cl\u00e1udio Schmidt realizou uma visita na sede da Funda\u00e7\u00e3o\nMunicipal de Sa\u00fade de Santa Rosa \u2013 FUMSSAR. Ele foi recebido pelo Presidente da\ninstitui\u00e7\u00e3o, D\u00e9lcio Stefan e pelos diretores: Rog\u00e9rio Santos (Gest\u00e3o\nAdministrativa), Fabiana Breitenbach (Aten\u00e7\u00e3o Prim\u00e1ria \u00e0 Sa\u00fade), Fernando\nBorella (Gest\u00e3o Estrat\u00e9gica e Participativa) e Marcelo Figueiredo (Rede\nComplementar). Na oportunidade, foi apresentada ao prefeito, a estrutura\ndetalhada e a gest\u00e3o dos servi\u00e7os da Funda\u00e7\u00e3o de Sa\u00fade.<\/p>\n\n\n\n<p>A\nequipe diretiva da FUMSSAR realizou uma apresenta\u00e7\u00e3o do hist\u00f3rico da autarquia\ne dos indicadores com dados gr\u00e1ficos e imagens. O Presidente, D\u00e9lcio Stefan,\nexplicou tamb\u00e9m as metas e objetivos propostos pela gest\u00e3o p\u00fablica, \u201cSanta Rosa\nconta com uma sa\u00fade p\u00fablica de qualidade, \u00f3timos indicadores e servidores\nexcelentes que t\u00eam se empenhado para realizar o cuidado integral da popula\u00e7\u00e3o\u201d.<\/p>\n\n\n\n<p>Durante\na reuni\u00e3o, tamb\u00e9m foram debatidos os novos desafios para o pr\u00f3ximo ano, como a\nimplementa\u00e7\u00e3o de mais duas Unidades B\u00e1sicas de Sa\u00fade com atendimento no 3\u00ba\nturno, o servi\u00e7o de tele oftalmologia, entre outras a\u00e7\u00f5es que est\u00e3o no\nplanejamento da Funda\u00e7\u00e3o de Sa\u00fade. O Prefeito Cl\u00e1udio Schmidt, agradeceu a receptividade\ne parabenizou a dire\u00e7\u00e3o da FUMSSAR, \u201cTenho acompanhado o excelente trabalho que\nvem sendo desenvolvido pela Funda\u00e7\u00e3o. Por onde eu passo, as pessoas elogiam o\natendimento da sa\u00fade em Santa Rosa\u201d. Ap\u00f3s a reuni\u00e3o, o prefeito realizou visitas\nem algumas empresas da cidade.<\/p>\n","protected":false},"excerpt":{"rendered":"<p>O Prefeito em Exerc\u00edcio, Cl\u00e1udio Schmidt realizou uma visita na sede da Funda\u00e7\u00e3o Municipal de&#8230;<\/p>\n","protected":false},"author":36,"featured_media":25888,"comment_status":"closed","ping_status":"closed","sticky":false,"template":"","format":"standard","meta":{"footnotes":""},"categories":[2],"tags":[],"_links":{"self":[{"href":"https:\/\/www.fumssar.com.br\/index.php?rest_route=\/wp\/v2\/posts\/25886"}],"collection":[{"href":"https:\/\/www.fumssar.com.br\/index.php?rest_route=\/wp\/v2\/posts"}],"about":[{"href":"https:\/\/www.fumssar.com.br\/index.php?rest_route=\/wp\/v2\/types\/post"}],"author":[{"embeddable":true,"href":"https:\/\/www.fumssar.com.br\/index.php?rest_route=\/wp\/v2\/users\/36"}],"replies":[{"embeddable":true,"href":"https:\/\/www.fumssar.com.br\/index.php?rest_route=%2Fwp%2Fv2%2Fcomments&post=25886"}],"version-history":[{"count":1,"href":"https:\/\/www.fumssar.com.br\/index.php?rest_route=\/wp\/v2\/posts\/25886\/revisions"}],"predecessor-version":[{"id":25889,"href":"https:\/\/www.fumssar.com.br\/index.php?rest_route=\/wp\/v2\/posts\/25886\/revisions\/25889"}],"wp:featuredmedia":[{"embeddable":true,"href":"https:\/\/www.fumssar.com.br\/index.php?rest_route=\/wp\/v2\/media\/25888"}],"wp:attachment":[{"href":"https:\/\/www.fumssar.com.br\/index.php?rest_route=%2Fwp%2Fv2%2Fmedia&parent=25886"}],"wp:term":[{"taxonomy":"category","embeddable":true,"href":"https:\/\/www.fumssar.com.br\/index.php?rest_route=%2Fwp%2Fv2%2Fcategories&post=25886"},{"taxonomy":"post_tag","embeddable":true,"href":"https:\/\/www.fumssar.com.br\/index.php?rest_route=%2Fwp%2Fv2%2Ftags&post=25886"}],"curies":[{"name":"wp","href":"https:\/\/api.w.org\/{rel}","templated":true}]}}