{"id":25879,"date":"2023-12-27T10:53:44","date_gmt":"2023-12-27T13:53:44","guid":{"rendered":"http:\/\/www.fumssar.com.br\/?p=25879"},"modified":"2024-10-07T16:29:51","modified_gmt":"2024-10-07T19:29:51","slug":"fumssar-completa-28-anos-nesta-quarta-feira","status":"publish","type":"post","link":"https:\/\/www.fumssar.com.br\/?p=25879","title":{"rendered":"FUMSSAR completa 28 anos nesta quarta-feira"},"content":{"rendered":"\n<figure class=\"wp-block-image\"><img loading=\"lazy\" decoding=\"async\" width=\"1024\" height=\"1024\" src=\"https:\/\/www.fumssar.com.br\/wp-content\/uploads\/2023\/12\/Parab\u00e9ns-FUMSSAR-1024x1024.png\" alt=\"\" class=\"wp-image-25880\" srcset=\"https:\/\/www.fumssar.com.br\/wp-content\/uploads\/2023\/12\/Parab\u00e9ns-FUMSSAR-1024x1024.png 1024w, https:\/\/www.fumssar.com.br\/wp-content\/uploads\/2023\/12\/Parab\u00e9ns-FUMSSAR-150x150.png 150w, https:\/\/www.fumssar.com.br\/wp-content\/uploads\/2023\/12\/Parab\u00e9ns-FUMSSAR-300x300.png 300w, https:\/\/www.fumssar.com.br\/wp-content\/uploads\/2023\/12\/Parab\u00e9ns-FUMSSAR-768x768.png 768w, https:\/\/www.fumssar.com.br\/wp-content\/uploads\/2023\/12\/Parab\u00e9ns-FUMSSAR.png 1080w\" sizes=\"(max-width: 1024px) 100vw, 1024px\" \/><\/figure>\n\n\n\n<p>A\nFunda\u00e7\u00e3o Municipal de Sa\u00fade de Santa Rosa \u2013 FUMSSAR completa 28 anos nesta quarta-feira\n(27\/12). Fundada em dezembro de 1995, hoje \u00e9 refer\u00eancia no Estado e no Brasil e\nfaz com que o munic\u00edpio seja reconhecido como uma das melhores cidades do pa\u00eds,\nem servi\u00e7os de sa\u00fade. Com 378 servidores ativos, 18 Unidades B\u00e1sicas de Sa\u00fade e\ndiversos outros servi\u00e7os, a institui\u00e7\u00e3o possui uma estrutura administrativa e\nt\u00e9cnica para executar as pol\u00edticas de sa\u00fade do munic\u00edpio e da regi\u00e3o.<\/p>\n\n\n\n<p>Atrav\u00e9s\nde uma Gest\u00e3o que se mant\u00e9m sempre atualizada com as novas pol\u00edticas de sa\u00fade,\na autarquia segue inovando na execu\u00e7\u00e3o de a\u00e7\u00f5es de sa\u00fade p\u00fablica. Em destaque,\npodemos citar a constru\u00e7\u00e3o dos servi\u00e7os de cardiologia, autismo, 3\u00ba turno em 6\nUBSs e a contrata\u00e7\u00e3o de mais profissionais m\u00e9dicos para o munic\u00edpio. O\nPresidente da FUMSSAR, D\u00e9lcio Stefan, destaca o papel da institui\u00e7\u00e3o para\npromover um cuidado integral da popula\u00e7\u00e3o, \u201cEsta \u00e9 uma data muito significativa\npara todos n\u00f3s que fazemos a sa\u00fade p\u00fablica de Santa Rosa. Hoje, a FUMSSAR \u00e9\nrespons\u00e1vel por gerenciar mais de R$ 180 milh\u00f5es em servi\u00e7os de sa\u00fade, sempre\ncom crit\u00e9rios t\u00e9cnicos e fazendo a diferen\u00e7a na vida das pessoas que utilizam o\nSistema \u00danico de Sa\u00fade\u201d. <\/p>\n\n\n\n<p>A\nFUMSSAR tem sob sua guarda diversos servi\u00e7os regionais, como: Hemocentro, UPA,\nSAMU, CEREST, Centro Regional de Reabilita\u00e7\u00e3o Auditiva e Intelectual \u2013 CER II e\no Centro Macrorregional de Refer\u00eancia em Autismo. Al\u00e9m disso, a institui\u00e7\u00e3o \u00e9\ngestora dos recursos hospitalares para Santa Rosa e regi\u00e3o, permitindo um\natendimento qualificado aos usu\u00e1rios do SUS. Fazem parte tamb\u00e9m da estrutura da\nFunda\u00e7\u00e3o de Sa\u00fade: Farm\u00e1cia Municipal, Vigil\u00e2ncias em Sa\u00fade, Centros de Aten\u00e7\u00e3o\nPsicossocial, Pr\u00e1ticas Integrativas e Complementares, Centro de Especialidades,\nLaborat\u00f3rio Municipal de An\u00e1lises Cl\u00ednicas e o N\u00facleo de Ensino e Pesquisa. <\/p>\n","protected":false},"excerpt":{"rendered":"<p>A Funda\u00e7\u00e3o Municipal de Sa\u00fade de Santa Rosa \u2013 FUMSSAR completa 28 anos nesta quarta-feira&#8230;<\/p>\n","protected":false},"author":36,"featured_media":25881,"comment_status":"closed","ping_status":"closed","sticky":false,"template":"","format":"standard","meta":{"footnotes":""},"categories":[2],"tags":[],"_links":{"self":[{"href":"https:\/\/www.fumssar.com.br\/index.php?rest_route=\/wp\/v2\/posts\/25879"}],"collection":[{"href":"https:\/\/www.fumssar.com.br\/index.php?rest_route=\/wp\/v2\/posts"}],"about":[{"href":"https:\/\/www.fumssar.com.br\/index.php?rest_route=\/wp\/v2\/types\/post"}],"author":[{"embeddable":true,"href":"https:\/\/www.fumssar.com.br\/index.php?rest_route=\/wp\/v2\/users\/36"}],"replies":[{"embeddable":true,"href":"https:\/\/www.fumssar.com.br\/index.php?rest_route=%2Fwp%2Fv2%2Fcomments&post=25879"}],"version-history":[{"count":1,"href":"https:\/\/www.fumssar.com.br\/index.php?rest_route=\/wp\/v2\/posts\/25879\/revisions"}],"predecessor-version":[{"id":25882,"href":"https:\/\/www.fumssar.com.br\/index.php?rest_route=\/wp\/v2\/posts\/25879\/revisions\/25882"}],"wp:featuredmedia":[{"embeddable":true,"href":"https:\/\/www.fumssar.com.br\/index.php?rest_route=\/wp\/v2\/media\/25881"}],"wp:attachment":[{"href":"https:\/\/www.fumssar.com.br\/index.php?rest_route=%2Fwp%2Fv2%2Fmedia&parent=25879"}],"wp:term":[{"taxonomy":"category","embeddable":true,"href":"https:\/\/www.fumssar.com.br\/index.php?rest_route=%2Fwp%2Fv2%2Fcategories&post=25879"},{"taxonomy":"post_tag","embeddable":true,"href":"https:\/\/www.fumssar.com.br\/index.php?rest_route=%2Fwp%2Fv2%2Ftags&post=25879"}],"curies":[{"name":"wp","href":"https:\/\/api.w.org\/{rel}","templated":true}]}}